{"id":977,"date":"2021-08-29T15:27:00","date_gmt":"2021-08-29T13:27:00","guid":{"rendered":"http:\/\/test.pus-eck.de\/?p=977"},"modified":"2022-05-01T15:33:34","modified_gmt":"2022-05-01T13:33:34","slug":"einschulung-des-neuen-5-jahrgangs-nach-den-sommerferien-2021","status":"publish","type":"post","link":"http:\/\/test.pus-eck.de\/?p=977","title":{"rendered":"Einschulung des neuen 5. Jahrgangs nach den Sommerferien 2021"},"content":{"rendered":"\n<div class=\"is-layout-flow wp-block-group\"><div class=\"wp-block-group__inner-container\">\n<figure class=\"wp-block-image size-full is-resized\"><img decoding=\"async\" loading=\"lazy\" src=\"http:\/\/test.pus-eck.de\/wp-content\/uploads\/2022\/05\/shapeimage_1-8.png\" alt=\"\" class=\"wp-image-980\" width=\"840\" height=\"452\" srcset=\"http:\/\/test.pus-eck.de\/wp-content\/uploads\/2022\/05\/shapeimage_1-8.png 582w, http:\/\/test.pus-eck.de\/wp-content\/uploads\/2022\/05\/shapeimage_1-8-300x161.png 300w\" sizes=\"(max-width: 840px) 100vw, 840px\" \/><\/figure>\n<\/div><\/div>\n\n\n\n<div class=\"is-layout-flex wp-container-5 wp-block-columns\">\n<div class=\"is-layout-flow wp-block-column\" style=\"flex-basis:25%\">\n<figure class=\"wp-block-image size-full is-resized\"><img decoding=\"async\" loading=\"lazy\" src=\"http:\/\/test.pus-eck.de\/wp-content\/uploads\/2022\/05\/DSC_0926-1-2.jpg\" alt=\"\" class=\"wp-image-984\" width=\"159\" height=\"238\" srcset=\"http:\/\/test.pus-eck.de\/wp-content\/uploads\/2022\/05\/DSC_0926-1-2.jpg 209w, http:\/\/test.pus-eck.de\/wp-content\/uploads\/2022\/05\/DSC_0926-1-2-200x300.jpg 200w\" sizes=\"(max-width: 159px) 100vw, 159px\" \/><\/figure>\n<\/div>\n\n\n\n<div class=\"is-layout-flow wp-block-column\" style=\"flex-basis:50%\">\n<figure class=\"wp-block-image size-full is-resized\"><img decoding=\"async\" loading=\"lazy\" src=\"http:\/\/test.pus-eck.de\/wp-content\/uploads\/2022\/05\/DSC_0929-1.jpg\" alt=\"\" class=\"wp-image-985\" width=\"357\" height=\"237\" srcset=\"http:\/\/test.pus-eck.de\/wp-content\/uploads\/2022\/05\/DSC_0929-1.jpg 396w, http:\/\/test.pus-eck.de\/wp-content\/uploads\/2022\/05\/DSC_0929-1-300x199.jpg 300w\" sizes=\"(max-width: 357px) 100vw, 357px\" \/><\/figure>\n<\/div>\n\n\n\n<div class=\"is-layout-flow wp-block-column\" style=\"flex-basis:25%\"><\/div>\n<\/div>\n\n\n\n<figure class=\"wp-block-image size-full is-resized\"><img decoding=\"async\" loading=\"lazy\" src=\"http:\/\/test.pus-eck.de\/wp-content\/uploads\/2022\/05\/DSC_0939-2.jpg\" alt=\"\" class=\"wp-image-987\" width=\"549\" height=\"365\" srcset=\"http:\/\/test.pus-eck.de\/wp-content\/uploads\/2022\/05\/DSC_0939-2.jpg 396w, http:\/\/test.pus-eck.de\/wp-content\/uploads\/2022\/05\/DSC_0939-2-300x200.jpg 300w\" sizes=\"(max-width: 549px) 100vw, 549px\" \/><\/figure>\n\n\n\n<p>Kaum waren alle Sch\u00fclerinnen und Sch\u00fcler aus den Sommerferien zur\u00fcckgekehrt, da f\u00fcllten sich auch die vier bislang noch leerstehenden vier Klassenr\u00e4ume des 5. Jahrgangs. Eine ganz normale Einschulung war es zwar immer noch nicht, denn Corona h\u00e4lt uns noch von vielen Dingen ab, aber immerhin durften wir schon wieder die Aula, wenn auch nur mit einer eingeschr\u00e4nkten Personenzahl nutzen. Und so sind in diesem Jahr die neuen F\u00fcnftkl\u00e4sslerinnen und \u2013 kl\u00e4ssler nicht alle auf einmal, sondern nur klassenweise und mit maximal zwei Begleitpersonen zur Einschulungsfeier eingeladen worden. Und wie im vergangenen Jahr sind auch in diesem Jahr vor der Schule durch Lehrkr\u00e4fte genaue Einlasskontrollen durchgef\u00fchrt worden, um gar nicht erst Coronaf\u00e4lle in der Schule zu haben, wo wir doch bislang so gut durch die Coronazeit gekommen sind.<\/p>\n\n\n\n<p>Der neue Unterstufenleiter Christian Meyer hatte sich einen netten Ablauf f\u00fcr die einzelnen Klassen ausgedacht, jeweils mit Musik, Gesang und Tanz. Die Schulleiterin Frau Freudenthal und der SEB-Vorsitzende Herr Helmcke begr\u00fc\u00dften die neuen Sch\u00fclerinnen und Sch\u00fcler sowie die Eltern herzlich in ihrer neuen Schule. Mit einer \u00dcbergabe von Luftballons formierten sich die neuen Klassen und wanderten in ihre neuen Klassenr\u00e4ume.<\/p>\n\n\n\n<p>Die neuen Tutorenteams im 5. Jahrgang sind:<\/p>\n\n\n\n<p>5a Frau Str\u00e4mke und Herr Haberlag<\/p>\n\n\n\n<p>5b Frau Merker, Herr Lass und Herr Plath<\/p>\n\n\n\n<p>5c Frau Burau und Herr Kirsch<\/p>\n\n\n\n<p>5d Frau Gude und Herr Linde<\/p>\n\n\n\n<p>Wir w\u00fcnschen allen neuen Sch\u00fclerinnen und Sch\u00fclern einen guten Start in der Peter-Ustinov-Schule!<\/p>\n\n\n\n<p>Michael Baum<\/p>\n","protected":false},"excerpt":{"rendered":"<p>Kaum waren alle Sch\u00fclerinnen und Sch\u00fcler aus den Sommerferien zur\u00fcckgekehrt, da f\u00fcllten sich auch die vier bislang noch leerstehenden vier Klassenr\u00e4ume des 5. Jahrgangs. Eine ganz normale Einschulung war es zwar immer noch nicht, denn Corona h\u00e4lt uns noch von vielen Dingen ab, aber immerhin durften wir schon wieder die Aula, wenn auch nur mit [&hellip;]<\/p>\n","protected":false},"author":1,"featured_media":980,"comment_status":"closed","ping_status":"closed","sticky":false,"template":"","format":"standard","meta":[],"categories":[15,18],"tags":[],"_links":{"self":[{"href":"http:\/\/test.pus-eck.de\/index.php?rest_route=\/wp\/v2\/posts\/977"}],"collection":[{"href":"http:\/\/test.pus-eck.de\/index.php?rest_route=\/wp\/v2\/posts"}],"about":[{"href":"http:\/\/test.pus-eck.de\/index.php?rest_route=\/wp\/v2\/types\/post"}],"author":[{"embeddable":true,"href":"http:\/\/test.pus-eck.de\/index.php?rest_route=\/wp\/v2\/users\/1"}],"replies":[{"embeddable":true,"href":"http:\/\/test.pus-eck.de\/index.php?rest_route=%2Fwp%2Fv2%2Fcomments&post=977"}],"version-history":[{"count":1,"href":"http:\/\/test.pus-eck.de\/index.php?rest_route=\/wp\/v2\/posts\/977\/revisions"}],"predecessor-version":[{"id":988,"href":"http:\/\/test.pus-eck.de\/index.php?rest_route=\/wp\/v2\/posts\/977\/revisions\/988"}],"wp:featuredmedia":[{"embeddable":true,"href":"http:\/\/test.pus-eck.de\/index.php?rest_route=\/wp\/v2\/media\/980"}],"wp:attachment":[{"href":"http:\/\/test.pus-eck.de\/index.php?rest_route=%2Fwp%2Fv2%2Fmedia&parent=977"}],"wp:term":[{"taxonomy":"category","embeddable":true,"href":"http:\/\/test.pus-eck.de\/index.php?rest_route=%2Fwp%2Fv2%2Fcategories&post=977"},{"taxonomy":"post_tag","embeddable":true,"href":"http:\/\/test.pus-eck.de\/index.php?rest_route=%2Fwp%2Fv2%2Ftags&post=977"}],"curies":[{"name":"wp","href":"https:\/\/api.w.org\/{rel}","templated":true}]}}