{"id":2306,"date":"2021-04-15T08:14:00","date_gmt":"2021-04-15T06:14:00","guid":{"rendered":"http:\/\/test.pus-eck.de\/?p=2306"},"modified":"2023-02-20T08:21:05","modified_gmt":"2023-02-20T07:21:05","slug":"elternbrief-vom-15-04-2021-aktuelle-informationen","status":"publish","type":"post","link":"http:\/\/test.pus-eck.de\/?p=2306","title":{"rendered":"Elternbrief vom 15.04.2021: Aktuelle Informationen"},"content":{"rendered":"\n<p><\/p>\n\n\n\n<p>Liebe Sch\u00fclerinnen und Sch\u00fcler, liebe Eltern,<\/p>\n\n\n\n<p>ich w\u00fcnsche uns allen, dass sch\u00f6ne und erholsame Ostertage hinter uns liegen und wir mit viel Energie in den Endspurt des Schuljahres gehen.<\/p>\n\n\n\n<p>Anbei leite ich ein Schreiben von Frau Prien weiter &#8211; es geht um die Gestaltung des Unterrichts ab dem 19.4., um die Einhaltung von Quarant\u00e4nevorschriften (mit gesondertem Schreiben) und um die Verpflichtung eines negativen Testergebnisses als Voraussetzung f\u00fcr die Teilnahme am Pr\u00e4senzunterricht ab der kommenden Woche (mit Selbstauskunft bzw. Einverst\u00e4ndniserkl\u00e4rung).<\/p>\n\n\n\n<p>Die wichtigste Neuerung ab kommendem Montag ist, dass Ihr Kind bzw. ihr ohne negatives Testergebnis oder ohne den Nachweis dar\u00fcber nicht mehr am Pr\u00e4senzunterricht teilnehmen d\u00fcrft.<\/p>\n\n\n\n<p>Es gibt daf\u00fcr mehrere M\u00f6glichkeiten f\u00fcr euch und f\u00fcr Sie:<\/p>\n\n\n\n<p>Sie k\u00f6nnen Ihr Kind &#8211; bzw. ihr k\u00f6nnt euch als vollj\u00e4hrige Sch\u00fcler &#8211; zu Hause selbst testen, zun\u00e4chst noch mit Selbsttests, die selbst gekauft werden m\u00fcssen. Ab Anfang Mai soll es dann kostenlose Einzeltests \u00fcber die Schule f\u00fcr die Anwendung zu Hause geben. Bei dieser M\u00f6glichkeit muss dann jeweils die im Anhang mitgeschickte \u201equalifizierte Selbstauskunft\u201c mitgebracht werden (je nicht \u00e4lter als drei Tage).<\/p>\n\n\n\n<p>Daneben gibt es die M\u00f6glichkeit, sich in einem B\u00fcrgertestzentrum, in einer Apotheke oder einer Arztpraxis testen zu lassen. Der Nachweis \u00fcber ein negatives Testergebnis muss dann jeweils mitgebracht werden (ebenfalls je nicht \u00e4lter als drei Tage).<\/p>\n\n\n\n<p>Schlie\u00dflich gibt es die dritte M\u00f6glichkeit, dass sich Ihr Kind in der Schule selbst testet. Wenn Sie sich f\u00fcr diese Variante entscheiden, geben Sie Ihrem Kind bitte unbedingt am ersten Schultag in Pr\u00e4senz die ausgef\u00fcllte und unterschriebene Einverst\u00e4ndniserkl\u00e4rung mit, die Sie unter diesem Link auch in vielen anderen Sprachen finden: schleswig-holstein.de &#8211; Coronavirus &#8211; Schulen&amp;Hochschulen &#8211; Einverst\u00e4ndniserkl\u00e4rung zur Selbsttestung mittels PoC-Antigen-Test und Einwilligung zur Verarbeitung personenbezogener Daten (schleswig-holstein.de) Einen Film zur Anleitung f\u00fcr den Selbsttest finden Sie auf unserer IServ-Startseite. Bitte bringt dann auch eine W\u00e4scheklammer mit.<\/p>\n\n\n\n<p>Der \u201eSchnupfenplan\u201c gilt daneben unver\u00e4ndert weiter (auch auf unserer IServ-Startseite). Wenn Ihr Kind krank werden sollte, w\u00e4re es es zum Schutz und zur R\u00fccksichtnahme auf alle anderen toll, wenn bei der R\u00fcckkehr in die Schule eine negative Selbstauskunft oder ein negatives Testergebnis mitgebracht werden k\u00f6nnte, falls es Ihnen m\u00f6glich ist.<\/p>\n\n\n\n<p>F\u00fcr den Unterricht ergibt sich bei uns aus dem Stufenplan des Landes Folgendes:<\/p>\n\n\n\n<p>Ihr 5.- und 6.-Kl\u00e4ssler kommt jeden Tag in Pr\u00e4senz zur Schule, nach normalem Stundenplan, mit Mittagessen und Freizeitangeboten.<\/p>\n\n\n\n<p>F\u00fcr die Jahrgangsstufen 7 bis 13 gibt es Wechselunterricht bzw. f\u00fcr die Abschlussklassen Pr\u00e4senzangebote unter Hygienebedingungen. Neu ist, dass als (zuk\u00fcnftige) Abschlussklasse nun auch Q1, also unser 12. Jahrgang z\u00e4hlt. Zudem haben wir uns entschieden, nun auch den gesamten 9. Jahrgang als (jetzige und zuk\u00fcnftige) Abschlussklasse mit einzubeziehen, sodass es auch f\u00fcr den gesamten 9. Jahrgang Wechselunterricht geben wird. Wegen unserer kleinen Klassenr\u00e4ume werden wir auch diese Pr\u00e4senzangebote wieder wie vor den Ferien als Wechselunterricht gestalten, sodass auch ihr wechselweise in der Schule bzw. in Distanz lernen werdet.<\/p>\n\n\n\n<p>Der Unterricht findet f\u00fcr alle nach normalem Stundenplan statt. Wir teilen euch wieder je in zwei Gruppen ein:<\/p>\n\n\n\n<p>Gruppe 1 wird zun\u00e4chst an den folgenden Tage in die Schule kommen:<\/p>\n\n\n\n<p>Montag, 19.4., Mittwoch, 21.4., \/\/ Donnerstag, 29.4., Freitag, 30.4., Montag, 3.5., und Dienstag, 4.5.<\/p>\n\n\n\n<p>Gruppe 2 wird zun\u00e4chst an den folgenden Tage in die Schule kommen:<\/p>\n\n\n\n<p>Donnerstag, 22.4., Dienstag, 27.4., Mittwoch, 28.4., \/\/ Mittwoch, 5.5, Donnerstag, 6.5. und Freitag, 7.5.<\/p>\n\n\n\n<p>\u00dcber die Gruppen f\u00fcr den Wechselunterricht werden euch eure Tutoren informieren. Auch \u00fcber Klassenarbeiten und Klausuren kommen ggf. noch Informationen \u00fcber eure Tutoren oder die Stufenleiter.<\/p>\n\n\n\n<p>F\u00fcr die F\u00f6rderkinder und die DAZ-Kinder wird es wieder auch individuelle Absprachen geben.<\/p>\n\n\n\n<p>Eine Ausnahme f\u00fcr alle Pr\u00e4senzunterrichte in der Schule sind die Tage des schriftlichen Abiturs, an denen wir die R\u00e4ume und Lehrkr\u00e4fte f\u00fcr die Durchf\u00fchrung der Pr\u00fcfungen brauchen. Am 20.4., am 23.4. und am 26.4. findet daher KEIN Pr\u00e4senzunterricht und kein Wechselunterricht in der Schule, sondern ausschlie\u00dflich Distanzunterricht statt. Bitte melden Sie Ihr Kind bei Bedarf f\u00fcr die Notbetreuung an diesen Tagen an (8-13 Uhr, ohne Mittagessen).<\/p>\n\n\n\n<p>Um die Durchf\u00fchrung der Tests in der Schule vorbereiten und in Ruhe durchf\u00fchren zu k\u00f6nnen, wird an den beiden ersten Testtagen f\u00fcr die jeweiligen Gruppen der Unterricht erst zur 2. Stunde &#8211; dann mit der Durchf\u00fchrung der Selbsttests im Klassenraum &#8211; beginnen. Das hei\u00dft, dass am Montag, dem 19.4., und am Donnerstag, dem 22.4., jeweils die erste Stunde ausfallen wird.<\/p>\n\n\n\n<p>Wir gehen davon aus, dass wir danach alle gemeinsam ausreichend Routine entwickelt haben, um die Tests dann jeweils an den Tagen des Gruppenwechsels und\/oder an den Montag je in der ersten Stunde in Ruhe durchf\u00fchren zu k\u00f6nnen.<\/p>\n\n\n\n<p>Als letzte Information f\u00fcr den Augenblick:<\/p>\n\n\n\n<p>Weiterhin haben Sie die M\u00f6glichkeit, Ihr Kind bis zun\u00e4chst zum 14. Mai vom Pr\u00e4senzunterricht beurlauben zu lassen. \u201eIm Hinblick auf m\u00f6gliche Infektionsrisiken besteht vom 19. April bis 14. Mai 2021 auf Antrag die M\u00f6glichkeit zur Beurlaubung einzelner Sch\u00fclerinnen und Sch\u00fcler gem. \u00a7 15 Schulgesetz SH vom Pr\u00e4senzunterricht aus wichtigem Grund. Die Eltern erkl\u00e4ren den Antrag auf Beurlaubung schriftlich oder per E-Mail der zust\u00e4ndigen Schule. Die Beurlaubung gilt dann als genehmigt. Eine Begr\u00fcndung ist nicht erforderlich.\u201c (Aus der Corona-Schulinformation 026)<\/p>\n\n\n\n<p>Ich w\u00fcnsche euch und Ihnen noch ein sch\u00f6nes letztes Ferien-Wochenende und freu mich auf euch ab Montag!<\/p>\n\n\n\n<p>Imke Freudenthal<\/p>\n\n\n\n<p><\/p>\n\n\n\n<p><\/p>\n\n\n\n<div class=\"wp-block-file\"><a id=\"wp-block-file--media-d5b4826f-6b9f-4462-afb4-d199fb9c519c\" href=\"http:\/\/test.pus-eck.de\/wp-content\/uploads\/2023\/02\/Einverstaendniserklaerung_Selbsttestung.pdf\">Einverstaendniserklaerung_Selbsttestung<\/a><a href=\"http:\/\/test.pus-eck.de\/wp-content\/uploads\/2023\/02\/Einverstaendniserklaerung_Selbsttestung.pdf\" class=\"wp-block-file__button wp-element-button\" download aria-describedby=\"wp-block-file--media-d5b4826f-6b9f-4462-afb4-d199fb9c519c\">Herunterladen<\/a><\/div>\n\n\n\n<div class=\"wp-block-file\"><a id=\"wp-block-file--media-6d867a73-1dbe-41e6-940f-110c211794f4\" href=\"http:\/\/test.pus-eck.de\/wp-content\/uploads\/2023\/02\/Merkblatt_Quarantaeneverordnung.pdf\">Merkblatt_Quarantaeneverordnung<\/a><a href=\"http:\/\/test.pus-eck.de\/wp-content\/uploads\/2023\/02\/Merkblatt_Quarantaeneverordnung.pdf\" class=\"wp-block-file__button wp-element-button\" download aria-describedby=\"wp-block-file--media-6d867a73-1dbe-41e6-940f-110c211794f4\">Herunterladen<\/a><\/div>\n\n\n\n<div class=\"wp-block-file\"><a id=\"wp-block-file--media-2f05e50a-aef4-4948-945c-661b3aa82da8\" href=\"http:\/\/test.pus-eck.de\/wp-content\/uploads\/2023\/02\/Elternanschreiben_Teststrategie-4.pdf\">Elternanschreiben_Teststrategie<\/a><a href=\"http:\/\/test.pus-eck.de\/wp-content\/uploads\/2023\/02\/Elternanschreiben_Teststrategie-4.pdf\" class=\"wp-block-file__button wp-element-button\" download aria-describedby=\"wp-block-file--media-2f05e50a-aef4-4948-945c-661b3aa82da8\">Herunterladen<\/a><\/div>\n\n\n\n<div class=\"wp-block-file\"><a id=\"wp-block-file--media-267620af-9ca4-454e-838d-1dc791eff202\" href=\"http:\/\/test.pus-eck.de\/wp-content\/uploads\/2023\/02\/qualifizierte_Selbstauskunft_negative_PoC-Antigentest.pdf\">qualifizierte_Selbstauskunft_negative_PoC-Antigentest<\/a><a href=\"http:\/\/test.pus-eck.de\/wp-content\/uploads\/2023\/02\/qualifizierte_Selbstauskunft_negative_PoC-Antigentest.pdf\" class=\"wp-block-file__button wp-element-button\" download aria-describedby=\"wp-block-file--media-267620af-9ca4-454e-838d-1dc791eff202\">Herunterladen<\/a><\/div>\n","protected":false},"excerpt":{"rendered":"<p>Liebe Sch\u00fclerinnen und Sch\u00fcler, liebe Eltern, ich w\u00fcnsche uns allen, dass sch\u00f6ne und erholsame Ostertage hinter uns liegen und wir mit viel Energie in den Endspurt des Schuljahres gehen. Anbei leite ich ein Schreiben von Frau Prien weiter &#8211; es geht um die Gestaltung des Unterrichts ab dem 19.4., um die Einhaltung von Quarant\u00e4nevorschriften (mit [&hellip;]<\/p>\n","protected":false},"author":1,"featured_media":0,"comment_status":"closed","ping_status":"closed","sticky":false,"template":"","format":"standard","meta":[],"categories":[32],"tags":[],"_links":{"self":[{"href":"http:\/\/test.pus-eck.de\/index.php?rest_route=\/wp\/v2\/posts\/2306"}],"collection":[{"href":"http:\/\/test.pus-eck.de\/index.php?rest_route=\/wp\/v2\/posts"}],"about":[{"href":"http:\/\/test.pus-eck.de\/index.php?rest_route=\/wp\/v2\/types\/post"}],"author":[{"embeddable":true,"href":"http:\/\/test.pus-eck.de\/index.php?rest_route=\/wp\/v2\/users\/1"}],"replies":[{"embeddable":true,"href":"http:\/\/test.pus-eck.de\/index.php?rest_route=%2Fwp%2Fv2%2Fcomments&post=2306"}],"version-history":[{"count":1,"href":"http:\/\/test.pus-eck.de\/index.php?rest_route=\/wp\/v2\/posts\/2306\/revisions"}],"predecessor-version":[{"id":2316,"href":"http:\/\/test.pus-eck.de\/index.php?rest_route=\/wp\/v2\/posts\/2306\/revisions\/2316"}],"wp:attachment":[{"href":"http:\/\/test.pus-eck.de\/index.php?rest_route=%2Fwp%2Fv2%2Fmedia&parent=2306"}],"wp:term":[{"taxonomy":"category","embeddable":true,"href":"http:\/\/test.pus-eck.de\/index.php?rest_route=%2Fwp%2Fv2%2Fcategories&post=2306"},{"taxonomy":"post_tag","embeddable":true,"href":"http:\/\/test.pus-eck.de\/index.php?rest_route=%2Fwp%2Fv2%2Ftags&post=2306"}],"curies":[{"name":"wp","href":"https:\/\/api.w.org\/{rel}","templated":true}]}}