{"id":2303,"date":"2021-07-01T08:12:00","date_gmt":"2021-07-01T06:12:00","guid":{"rendered":"http:\/\/test.pus-eck.de\/?p=2303"},"modified":"2023-02-20T08:13:31","modified_gmt":"2023-02-20T07:13:31","slug":"elternbrief-vom-29-07-2021-aktuelle-informationen","status":"publish","type":"post","link":"http:\/\/test.pus-eck.de\/?p=2303","title":{"rendered":"Elternbrief vom 29.07.2021: Aktuelle Informationen"},"content":{"rendered":"\n<p><strong>Liebe Sch\u00fclerinnen und Sch\u00fcler, liebe Eltern,<\/strong><\/p>\n\n\n\n<p>ich hoffe, dass hinter Ihnen und euch sch\u00f6ne Ferientage liegen und wir alle nach dieser Erholungspause gut in ein neues Schuljahr starten k\u00f6nnen. Dabei haben viele von uns wahrscheinlich gemischte Gef\u00fchle und Gedanken &#8211; w\u00fcnschen wir uns allen, dass vor uns ein m\u00f6glichst ganz normales Schuljahr liegt.<\/p>\n\n\n\n<p>Einige wesentliche Informationen des Ministeriums zum kommenden Schuljahr nenne ich hier kurz. Der Corona-Rahmenplan aus dem vergangenen Jahr und der \u201eAutomatismus\u201c des Wechsel- und Distanzunterrichts nach Inzidenzwerten soll nicht fortgef\u00fchrt werden. Die Kohortenregelung ist aufgehoben, sodass zum Beispiel wieder jahrgangs\u00fcbergreifende AGs stattfinden k\u00f6nnen und auch die Paten und Streitschlichter endlich wieder normal aktiv werden k\u00f6nnen. Die Abstands- und AHA+L-Regeln gelten weiter, und ebenso die Maskenpflicht &#8211; zumindest erst einmal in den ersten drei Wochen &#8211; in allen Innenr\u00e4umen. Auf dem Schulhof m\u00fcssen keine Masken mehr getragen werden.<\/p>\n\n\n\n<p>Damit das neue Schuljahr gut starten kann, wird auch das zweimalw\u00f6chentliche Selbst-Testen fortgesetzt. F\u00fcr alle diejenigen von euch, die noch nicht vollst\u00e4ndig geimpft sind oder als genesen gelten, ist dies weiter Pflicht. Die anderen k\u00f6nnen sich aber sehr gerne weiter mit selbst testen, um den Schulbesuch f\u00fcr alle noch sicherer zu machen<\/p>\n\n\n\n<p>Wenn ihr geimpft oder genesen seid, denkt bitte am Montag an einen entsprechenden Nachweis bzw. bitte geben Sie Ihrem Kind einen solchen Nachweis mit.<\/p>\n\n\n\n<p>An dieser Stelle wiederhole ich auch noch einmal die Bitte der Bildungsministerin, dass ihr euch in den letzten drei Tagen vor Schulbeginn zus\u00e4tzlich in einer Teststation testen lasst. Und f\u00fcr einen hoffentlich uneingeschr\u00e4nkten Schulbetrieb sind wir nat\u00fcrlich dringend darauf angewiesen, dass sich alle von euch an die Quarant\u00e4ne-Vorschriften halten, falls ihr erst kurz vor Schulstart aus einem Risiko-oder Hochinzidenzgebiet zur\u00fcckkommt oder gerade zur\u00fcckgekommen seid, bzw. dass Sie als Eltern f\u00fcr Ihre Kinder unbedingt darauf achten. (Zum Nachlesen: <a href=\"https:\/\/www.schleswig-holstein.de\/DE\/Landesregierung\/VIII\/_startseite\/Artikel_2020\/_Informationen_Urlauber\/teaser_informationen_urlauber.html\">https:\/\/www.schleswig-holstein.de\/DE\/Landesregierung\/VIII\/_startseite\/Artikel_2020\/_Informationen_Urlauber\/teaser_informationen_urlauber.html<\/a>)<\/p>\n\n\n\n<p>Trotz einiger Lockerungen werden wir dennoch weiter mit Einschr\u00e4nkungen leben m\u00fcssen, die weiter vor allem die Orchester sowie den Musik-, Sport- und DSP-Unterricht betreffen werden. Und auch beim Mittagessen m\u00fcssen wir weiterhin den Abstand von 1,5 Metern gew\u00e4hrleisten.<\/p>\n\n\n\n<p>Die detaillierten Regelungen k\u00f6nnt ihr und k\u00f6nnen Sie in der seit 25.07.2021 g\u00fcltigen Schulen-CoronaVO nachlesen:<\/p>\n\n\n\n<figure class=\"wp-block-embed\"><div class=\"wp-block-embed__wrapper\">\nhttps:\/\/www.schleswig-holstein.de\/DE\/Schwerpunkte\/Coronavirus\/_documents\/teaser_erlasse.html\n<\/div><\/figure>\n\n\n\n<p>Am Montag beginnt der Unterricht in der 1. Stunde mit der Selbsttestung, in der 2. und 3. Stunde findet Tutorenunterricht statt, die 4. Stunde l\u00e4uft nach Plan, bevor der Unterricht um 12.30 Uhr endet (kein Mittagessen).<\/p>\n\n\n\n<p>Ich erinnere noch einmal daran, dass am Mittwoch der kommenden Woche der Unterricht auch nur bis einschlie\u00dflich 4. Stunde stattfinden wird (kein Mittagessen), da wir uns darauf freuen, am Nachmittag unsere neuen 5.-Kl\u00e4ssler einzuschulen.<\/p>\n\n\n\n<p>Und jetzt w\u00fcnsche ich uns allen einen guten Wiederbeginn und ein hoffentlich ruhiges (Pr\u00e4senz-) Schuljahr.<\/p>\n\n\n\n<p>Viele Gr\u00fc\u00dfe und bis Montag,<\/p>\n\n\n\n<p>Imke Freudenthal<\/p>\n","protected":false},"excerpt":{"rendered":"<p>Liebe Sch\u00fclerinnen und Sch\u00fcler, liebe Eltern, ich hoffe, dass hinter Ihnen und euch sch\u00f6ne Ferientage liegen und wir alle nach dieser Erholungspause gut in ein neues Schuljahr starten k\u00f6nnen. Dabei haben viele von uns wahrscheinlich gemischte Gef\u00fchle und Gedanken &#8211; w\u00fcnschen wir uns allen, dass vor uns ein m\u00f6glichst ganz normales Schuljahr liegt. Einige wesentliche [&hellip;]<\/p>\n","protected":false},"author":1,"featured_media":0,"comment_status":"closed","ping_status":"closed","sticky":false,"template":"","format":"standard","meta":[],"categories":[32],"tags":[],"_links":{"self":[{"href":"http:\/\/test.pus-eck.de\/index.php?rest_route=\/wp\/v2\/posts\/2303"}],"collection":[{"href":"http:\/\/test.pus-eck.de\/index.php?rest_route=\/wp\/v2\/posts"}],"about":[{"href":"http:\/\/test.pus-eck.de\/index.php?rest_route=\/wp\/v2\/types\/post"}],"author":[{"embeddable":true,"href":"http:\/\/test.pus-eck.de\/index.php?rest_route=\/wp\/v2\/users\/1"}],"replies":[{"embeddable":true,"href":"http:\/\/test.pus-eck.de\/index.php?rest_route=%2Fwp%2Fv2%2Fcomments&post=2303"}],"version-history":[{"count":1,"href":"http:\/\/test.pus-eck.de\/index.php?rest_route=\/wp\/v2\/posts\/2303\/revisions"}],"predecessor-version":[{"id":2305,"href":"http:\/\/test.pus-eck.de\/index.php?rest_route=\/wp\/v2\/posts\/2303\/revisions\/2305"}],"wp:attachment":[{"href":"http:\/\/test.pus-eck.de\/index.php?rest_route=%2Fwp%2Fv2%2Fmedia&parent=2303"}],"wp:term":[{"taxonomy":"category","embeddable":true,"href":"http:\/\/test.pus-eck.de\/index.php?rest_route=%2Fwp%2Fv2%2Fcategories&post=2303"},{"taxonomy":"post_tag","embeddable":true,"href":"http:\/\/test.pus-eck.de\/index.php?rest_route=%2Fwp%2Fv2%2Ftags&post=2303"}],"curies":[{"name":"wp","href":"https:\/\/api.w.org\/{rel}","templated":true}]}}