{"id":2280,"date":"2023-01-20T07:23:41","date_gmt":"2023-01-20T06:23:41","guid":{"rendered":"http:\/\/test.pus-eck.de\/?p=2280"},"modified":"2023-02-20T07:43:56","modified_gmt":"2023-02-20T06:43:56","slug":"elternbrief-3","status":"publish","type":"post","link":"http:\/\/test.pus-eck.de\/?p=2280","title":{"rendered":"Elternbrief"},"content":{"rendered":"\n<p><\/p>\n\n\n<div class=\"wp-block-image\">\n<figure class=\"alignleft size-large is-resized\"><img decoding=\"async\" loading=\"lazy\" src=\"http:\/\/test.pus-eck.de\/wp-content\/uploads\/2023\/02\/1070140-01-768x1024.jpeg\" alt=\"\" class=\"wp-image-2283\" width=\"459\" height=\"612\" srcset=\"http:\/\/test.pus-eck.de\/wp-content\/uploads\/2023\/02\/1070140-01-768x1024.jpeg 768w, http:\/\/test.pus-eck.de\/wp-content\/uploads\/2023\/02\/1070140-01-225x300.jpeg 225w, http:\/\/test.pus-eck.de\/wp-content\/uploads\/2023\/02\/1070140-01-1152x1536.jpeg 1152w, http:\/\/test.pus-eck.de\/wp-content\/uploads\/2023\/02\/1070140-01-1537x2048.jpeg 1537w, http:\/\/test.pus-eck.de\/wp-content\/uploads\/2023\/02\/1070140-01-scaled.jpeg 1921w\" sizes=\"(max-width: 459px) 100vw, 459px\" \/><figcaption class=\"wp-element-caption\">Verabschiedung von Herrn Baum<\/figcaption><\/figure><\/div>\n\n\n<p><\/p>\n\n\n\n<p><\/p>\n\n\n\n<p><strong>Liebe Sch\u00fclerinnen und Sch\u00fcler, liebe Eltern,<\/strong><\/p>\n\n\n\n<p>nun n\u00e4hert sich das erste Halbjahr schon wieder seinem Ende &#8211; ein Halbjahr, das zum Gl\u00fcck auch wieder weitestgehend \u201enormal\u201c verlaufen ist. Am 27. Januar werdet ihr in der 2. Stunde eure Halbjahres-Zeugnisse erhalten. Der Unterrichtet endet an diesem Tag dann auch um 10.00 Uhr. Bereits am 26. Januar nachmittags werden wir Herrn Baum verabschieden, der 20 Jahre lang als Kollege an unserer Schule unterrichtet hat, der seit 2014 unser Stufenleiter f\u00fcr die Klassen 8-10 war und der \u00fcberdies hinaus als Vertretung f\u00fcr mich in den letzten neun Monaten die Peter-Ustinov-Schule kommissarisch als Schulleiter gef\u00fchrt hat, statt bereits im letzten Sommer in den wohlverdienten Ruhestand zu gehen. F\u00fcr all dies m\u00f6chte ich ihm auch an dieser Stelle ein gro\u00dfes Dankesch\u00f6n aussprechen!<\/p>\n\n\n\n<p>Zum neuen Halbjahr wird es daneben nur wenige personelle Ver\u00e4nderungen geben &#8211; es ist uns zum Gl\u00fcck wieder gelungen, alle durch Mutterschutz und Elternzeit entstehenden L\u00fccken sehr gut zu f\u00fcllen. Eine andere Neuerung gibt es jedoch: Es ist nun f\u00fcr alle Sch\u00fclerinnen und Sch\u00fcler m\u00f6glich, ein Schlie\u00dffach f\u00fcr eure Sachen in der Schule zu mieten; ihr erhaltet daf\u00fcr in diesen Tagen von euren Tutorinnen und Tutoren die notwendigen Unterlagen, die ihr bei Interesse ausgef\u00fcllt zur\u00fcckgeben m\u00fcsst.<\/p>\n\n\n\n<p>Auf einige kommende Termine m\u00f6chte ich hinweisen: Das 2. Halbjahr beginnt am 30. Januar mit einem Schulentwicklungs-Tag f\u00fcr uns Lehrkr\u00e4fte, so dass ihr an diesem Tag keinen Unterricht haben werdet. F\u00fcr euch beginnt das 2. Halbjahr dann regul\u00e4r ab dem 31. Januar nach den neuen Stundenpl\u00e4nen. Am Donnerstag, dem 2. Februar, findet nachmittags ab 14.00 Uhr der Elternsprechtag statt, f\u00fcr den Sie ggf. bitte im Vorhinein Termine mit den Lehrkr\u00e4ften vereinbaren. Der Unterricht endet an diesem Tag um 12.30 Uhr bzw. nach dem Mittagessen im Anschluss daran.<\/p>\n\n\n\n<p>Am Montag, dem 6. Februar, freuen wir uns ab 18.00 Uhr auf den Info-Abend f\u00fcr die kommenden 5.-Kl\u00e4ssler, und am 9. Februar besuchen uns weitere G\u00e4ste. Im Rahmen des \u201edialogP diskutieren unsere Oberstufen-WiPo-Sch\u00fclerinnen und Sch\u00fcler mit schleswig-holsteinischen Politikerinnen und Politikern &#8211; unter anderem Daniel G\u00fcnther &#8211; \u00fcber aktuelle Themen, wie dar\u00fcber, ob es moralisch vertretbar ist, Gas aus Katar statt aus Russland zu beziehen.<\/p>\n\n\n\n<p>Vom 13. bis 17. Februar findet die 3. Kompaktwoche statt &#8211; auch wieder sch\u00f6n \u201enormal\u201c mit der gro\u00dfen Fahrt aller unserer Orchester nach Sch\u00f6nhagen sowie der Skifahrt der Oberstufe.<\/p>\n\n\n\n<p>Am 2. M\u00e4rz laden euch und Sie dann unsere K\u00fcnstlerinnen und K\u00fcnstler aus allen Klassen und Kursen zu einer Ausstellung ein.<\/p>\n\n\n\n<p>Am 8. und 9. M\u00e4rz wird der Schulfotograf im Haus sein, um Fotos von euch und von euren Klassen zu machen, sodass es dann zum Sommer hin auch wieder ein Jahrbuch geben wird.<\/p>\n\n\n\n<p>Und zum Schluss noch in eigener Sache &#8211; mit dem Ruhestand von Herrn Baum werde ich ab Februar nach und nach wieder mehr in der Schule sein und nach und nach innerhalb unseres Schulleitungsteams auch wieder alle Aufgaben \u00fcbernehmen. Ansprechpartner f\u00fcr Sie und euch werde somit wieder ich sein, bzw. in meiner unmittelbaren Vertretung weiterhin Herr Rehbehn.<\/p>\n\n\n\n<p>Euch und Ihnen w\u00fcnsche ich einen guten Start ins 2. Halbjahr!<\/p>\n\n\n\n<p>Viele Gr\u00fc\u00dfe Imke Freudenthal<\/p>\n","protected":false},"excerpt":{"rendered":"<p>Liebe Sch\u00fclerinnen und Sch\u00fcler, liebe Eltern, nun n\u00e4hert sich das erste Halbjahr schon wieder seinem Ende &#8211; ein Halbjahr, das zum Gl\u00fcck auch wieder weitestgehend \u201enormal\u201c verlaufen ist. Am 27. Januar werdet ihr in der 2. Stunde eure Halbjahres-Zeugnisse erhalten. Der Unterrichtet endet an diesem Tag dann auch um 10.00 Uhr. Bereits am 26. Januar [&hellip;]<\/p>\n","protected":false},"author":1,"featured_media":2282,"comment_status":"closed","ping_status":"closed","sticky":false,"template":"","format":"standard","meta":[],"categories":[32],"tags":[],"_links":{"self":[{"href":"http:\/\/test.pus-eck.de\/index.php?rest_route=\/wp\/v2\/posts\/2280"}],"collection":[{"href":"http:\/\/test.pus-eck.de\/index.php?rest_route=\/wp\/v2\/posts"}],"about":[{"href":"http:\/\/test.pus-eck.de\/index.php?rest_route=\/wp\/v2\/types\/post"}],"author":[{"embeddable":true,"href":"http:\/\/test.pus-eck.de\/index.php?rest_route=\/wp\/v2\/users\/1"}],"replies":[{"embeddable":true,"href":"http:\/\/test.pus-eck.de\/index.php?rest_route=%2Fwp%2Fv2%2Fcomments&post=2280"}],"version-history":[{"count":3,"href":"http:\/\/test.pus-eck.de\/index.php?rest_route=\/wp\/v2\/posts\/2280\/revisions"}],"predecessor-version":[{"id":2286,"href":"http:\/\/test.pus-eck.de\/index.php?rest_route=\/wp\/v2\/posts\/2280\/revisions\/2286"}],"wp:featuredmedia":[{"embeddable":true,"href":"http:\/\/test.pus-eck.de\/index.php?rest_route=\/wp\/v2\/media\/2282"}],"wp:attachment":[{"href":"http:\/\/test.pus-eck.de\/index.php?rest_route=%2Fwp%2Fv2%2Fmedia&parent=2280"}],"wp:term":[{"taxonomy":"category","embeddable":true,"href":"http:\/\/test.pus-eck.de\/index.php?rest_route=%2Fwp%2Fv2%2Fcategories&post=2280"},{"taxonomy":"post_tag","embeddable":true,"href":"http:\/\/test.pus-eck.de\/index.php?rest_route=%2Fwp%2Fv2%2Ftags&post=2280"}],"curies":[{"name":"wp","href":"https:\/\/api.w.org\/{rel}","templated":true}]}}