{"id":2100,"date":"2009-01-09T19:51:00","date_gmt":"2009-01-09T18:51:00","guid":{"rendered":"http:\/\/test.pus-eck.de\/?p=2100"},"modified":"2023-02-09T12:59:37","modified_gmt":"2023-02-09T11:59:37","slug":"schulabschluesse-2009","status":"publish","type":"post","link":"http:\/\/test.pus-eck.de\/?p=2100","title":{"rendered":"Schulabschl\u00fcsse 2009"},"content":{"rendered":"\n<p><strong>Die Abiturientinnen und Abiturienten 2009<\/strong><\/p>\n\n\n\n<figure class=\"wp-block-image size-full\"><img decoding=\"async\" loading=\"lazy\" width=\"795\" height=\"428\" src=\"http:\/\/test.pus-eck.de\/wp-content\/uploads\/2023\/01\/Abi2009.png\" alt=\"\" class=\"wp-image-2101\" srcset=\"http:\/\/test.pus-eck.de\/wp-content\/uploads\/2023\/01\/Abi2009.png 795w, http:\/\/test.pus-eck.de\/wp-content\/uploads\/2023\/01\/Abi2009-300x162.png 300w, http:\/\/test.pus-eck.de\/wp-content\/uploads\/2023\/01\/Abi2009-768x413.png 768w\" sizes=\"(max-width: 795px) 100vw, 795px\" \/><\/figure>\n\n\n\n<p>Charmaine Anandaraj, Kim Patrick Asseln, Catharina Behrens, Fanny Br\u00e4utigam, Peter Carsten Busch,<br>Christian Derber, Max Detlefsen, Lea Eiben, Markus Ernstmeyer, Inga Gercke, Finnja Gerlach, Carolin Grotrian, Lasse Hagen, Philipp Halbeck, Julia H\u00e4nel, Jan H\u00e4u\u00dfermann, Henrike Heier, Yannick Henke, Katharina J\u00f6ster, Anna Kimitta, Laura-Alina Knuth, Vanessa Kock, Alisa Kollmetz, Felicitas K\u00fchne, Kristin Kumke, Janna Langenkamp, Julia Lemburg, Roman Lorbach, Maria Constanze Mantwill, Ken Marrek, Rickmer Martens, Jonas Meusel, Bente Peters, Katharina Peters, Annika Petersen, Annika Pinn, Catharina Popp, Johannes Reichert, Malte Reinecke, Christian Ritter, Sandra Robiller, David Johannes Roby, Hannes R\u00f6h, Friederike Schmidt, Jessica Schnauer, Thorben Settgast, Hendrik Steinort, Stefanie Stubbe, Jule Summek, Lena Taulien, Leif Erik Teufel, Nele Thomas, Friederike Trede, Merle Ullmann, Jacqueline Volckmann, Tim Weidenm\u00fcller, Karl-Friedjof Weirowski, Niels Wei\u00df, Lasse Winzenberg, Javid Yazdi Nejad<\/p>\n\n\n\n<div style=\"height:100px\" aria-hidden=\"true\" class=\"wp-block-spacer\"><\/div>\n\n\n\n<p><strong>Die Sch\u00fclerinnen und Sch\u00fcler mit Fachhochschulreife (schulischer Teil) 2009<\/strong><\/p>\n\n\n\n<figure class=\"wp-block-image size-full\"><img decoding=\"async\" loading=\"lazy\" width=\"792\" height=\"533\" src=\"http:\/\/test.pus-eck.de\/wp-content\/uploads\/2023\/01\/FS2009.png\" alt=\"\" class=\"wp-image-2102\" srcset=\"http:\/\/test.pus-eck.de\/wp-content\/uploads\/2023\/01\/FS2009.png 792w, http:\/\/test.pus-eck.de\/wp-content\/uploads\/2023\/01\/FS2009-300x202.png 300w, http:\/\/test.pus-eck.de\/wp-content\/uploads\/2023\/01\/FS2009-768x517.png 768w\" sizes=\"(max-width: 792px) 100vw, 792px\" \/><\/figure>\n\n\n\n<p>Kjell Kantak, Julia Linau, Gesa Meier, Anna Muck, Esther Unzen<\/p>\n\n\n\n<div style=\"height:100px\" aria-hidden=\"true\" class=\"wp-block-spacer\"><\/div>\n\n\n\n<p><strong>Die erfolgreichen Absolventinnen und Absolventen mit Realschulabschluss 2009<\/strong><\/p>\n\n\n\n<figure class=\"wp-block-image size-full\"><img decoding=\"async\" loading=\"lazy\" width=\"792\" height=\"511\" src=\"http:\/\/test.pus-eck.de\/wp-content\/uploads\/2023\/01\/RS2009.png\" alt=\"\" class=\"wp-image-2103\" srcset=\"http:\/\/test.pus-eck.de\/wp-content\/uploads\/2023\/01\/RS2009.png 792w, http:\/\/test.pus-eck.de\/wp-content\/uploads\/2023\/01\/RS2009-300x194.png 300w, http:\/\/test.pus-eck.de\/wp-content\/uploads\/2023\/01\/RS2009-768x496.png 768w\" sizes=\"(max-width: 792px) 100vw, 792px\" \/><\/figure>\n\n\n\n<p>Patrick Albrecht, Christian Baeck, Alexander Baues, Joschua Franz, Franziska Gehrke, Kira Vanessa Gerlach,<br>Sara Grabein, Philipp Bente Harenberg, Katharina J\u00e4schke, Maike Jordan, Nico Klinke, Wiebke Kloppenburg, Christopher Kock, Mareike Koernig, Jan-Hendrik Kuczynski, Janosch L\u00fcttgens, Madieha Masoodi, Lars Petersen, Patrick Pieper, Julia Pflugheber, Fenja Schr\u00f6der, Larissa Sierocki, Sarah Sierocki, Patrick Sill, Ken-Marvin Smit Kjell-Lennart Storm, Florian Strahl, Mario Thoms, Mathis Thoms, Thi Anh Thu Tran, Timo Wolff, Alina Zielke, Rebecca Zimmermann<\/p>\n\n\n\n<div style=\"height:100px\" aria-hidden=\"true\" class=\"wp-block-spacer\"><\/div>\n\n\n\n<p><strong>Die erfolgreichen Absolventinnen und Absolventen mit Hauptschullabschluss 2009<\/strong><\/p>\n\n\n\n<figure class=\"wp-block-image size-full\"><img decoding=\"async\" loading=\"lazy\" width=\"790\" height=\"476\" src=\"http:\/\/test.pus-eck.de\/wp-content\/uploads\/2023\/01\/HS2009.png\" alt=\"\" class=\"wp-image-2104\" srcset=\"http:\/\/test.pus-eck.de\/wp-content\/uploads\/2023\/01\/HS2009.png 790w, http:\/\/test.pus-eck.de\/wp-content\/uploads\/2023\/01\/HS2009-300x181.png 300w, http:\/\/test.pus-eck.de\/wp-content\/uploads\/2023\/01\/HS2009-768x463.png 768w\" sizes=\"(max-width: 790px) 100vw, 790px\" \/><\/figure>\n\n\n\n<p>Alex Abram, Samantha Bethge, Jan Fietz, Florian Grigo, Janika Huber, Torge-Veegard Jegust,<br>Catherine Krack, Jovanna K\u00fcbel, Kenneth Mohr, Benjamin M\u00f6ller, Mirko Neve, Chalin Petersen, Jannik Petrick, Malte Prahl, Christoph Schnack, Matthis Schultz, Niels Schultz, Lasse Texter, Lena Wichmann, Lara Schumacher<\/p>\n","protected":false},"excerpt":{"rendered":"<p>Die Abiturientinnen und Abiturienten 2009 Charmaine Anandaraj, Kim Patrick Asseln, Catharina Behrens, Fanny Br\u00e4utigam, Peter Carsten Busch,Christian Derber, Max Detlefsen, Lea Eiben, Markus Ernstmeyer, Inga Gercke, Finnja Gerlach, Carolin Grotrian, Lasse Hagen, Philipp Halbeck, Julia H\u00e4nel, Jan H\u00e4u\u00dfermann, Henrike Heier, Yannick Henke, Katharina J\u00f6ster, Anna Kimitta, Laura-Alina Knuth, Vanessa Kock, Alisa Kollmetz, Felicitas K\u00fchne, Kristin [&hellip;]<\/p>\n","protected":false},"author":1,"featured_media":2101,"comment_status":"closed","ping_status":"closed","sticky":false,"template":"","format":"standard","meta":[],"categories":[13,37],"tags":[],"_links":{"self":[{"href":"http:\/\/test.pus-eck.de\/index.php?rest_route=\/wp\/v2\/posts\/2100"}],"collection":[{"href":"http:\/\/test.pus-eck.de\/index.php?rest_route=\/wp\/v2\/posts"}],"about":[{"href":"http:\/\/test.pus-eck.de\/index.php?rest_route=\/wp\/v2\/types\/post"}],"author":[{"embeddable":true,"href":"http:\/\/test.pus-eck.de\/index.php?rest_route=\/wp\/v2\/users\/1"}],"replies":[{"embeddable":true,"href":"http:\/\/test.pus-eck.de\/index.php?rest_route=%2Fwp%2Fv2%2Fcomments&post=2100"}],"version-history":[{"count":1,"href":"http:\/\/test.pus-eck.de\/index.php?rest_route=\/wp\/v2\/posts\/2100\/revisions"}],"predecessor-version":[{"id":2105,"href":"http:\/\/test.pus-eck.de\/index.php?rest_route=\/wp\/v2\/posts\/2100\/revisions\/2105"}],"wp:featuredmedia":[{"embeddable":true,"href":"http:\/\/test.pus-eck.de\/index.php?rest_route=\/wp\/v2\/media\/2101"}],"wp:attachment":[{"href":"http:\/\/test.pus-eck.de\/index.php?rest_route=%2Fwp%2Fv2%2Fmedia&parent=2100"}],"wp:term":[{"taxonomy":"category","embeddable":true,"href":"http:\/\/test.pus-eck.de\/index.php?rest_route=%2Fwp%2Fv2%2Fcategories&post=2100"},{"taxonomy":"post_tag","embeddable":true,"href":"http:\/\/test.pus-eck.de\/index.php?rest_route=%2Fwp%2Fv2%2Ftags&post=2100"}],"curies":[{"name":"wp","href":"https:\/\/api.w.org\/{rel}","templated":true}]}}