{"id":1680,"date":"2021-09-23T20:04:00","date_gmt":"2021-09-23T18:04:00","guid":{"rendered":"http:\/\/test.pus-eck.de\/?p=1680"},"modified":"2022-10-23T20:14:40","modified_gmt":"2022-10-23T18:14:40","slug":"schulabschluesse-2007","status":"publish","type":"post","link":"http:\/\/test.pus-eck.de\/?p=1680","title":{"rendered":"Schulabschl\u00fcsse 2007"},"content":{"rendered":"\n<figure class=\"wp-block-image size-full\"><img decoding=\"async\" loading=\"lazy\" width=\"791\" height=\"523\" src=\"http:\/\/test.pus-eck.de\/wp-content\/uploads\/2022\/10\/Abi2007.png\" alt=\"\" class=\"wp-image-1681\" srcset=\"http:\/\/test.pus-eck.de\/wp-content\/uploads\/2022\/10\/Abi2007.png 791w, http:\/\/test.pus-eck.de\/wp-content\/uploads\/2022\/10\/Abi2007-300x198.png 300w, http:\/\/test.pus-eck.de\/wp-content\/uploads\/2022\/10\/Abi2007-768x508.png 768w\" sizes=\"(max-width: 791px) 100vw, 791px\" \/><\/figure>\n\n\n\n<p><strong>Die Schu\u0308lerinnen und Sch\u00fcler mit Fachhochschulreife (schulischer Teil)<br>und die Abiturientinnen und Abiturienten 2007<\/strong><\/p>\n\n\n\n<p>Fachhochschulreife (schulischer Teil) 2007<br>Melena Albrecht, Simon Eiben, Mareike St\u00fcwe<\/p>\n\n\n\n<div style=\"height:100px\" aria-hidden=\"true\" class=\"wp-block-spacer\"><\/div>\n\n\n\n<p>Abiturientinnen und Abiturienten 2007<br>Leevke A\u00dfmann, Erik Becker, Elehna Bethune, Katharina Bistram, Bastian Broda, Ninja Broocks, Federike Carl, Katharina Dannath, Boy Lennart Detlefsen, Elisabeth Dietrich, Paula Duske, Annika Ehrich, Johanna Feige, Momme Grams, Jessica Nadine Hamann, Nils-Thorge Hansen, Kirsa Hansmann, Konstantin Hauf,<br>Elisabeth Maria Hermanussen, Lina Heylmann, Timo Himstedt, Merle Kahl, Tatjana Kennedy, Dominik Kiefer, Jolan Kieschke, Lena Klopp-Schulze, Andreas Koch, Lars Koch, Timo K\u00f6hler, Jan-Hendrik Kollmetz, Lars Koppe, Eva Langer, Christina Maria Latzke, Martin Levin, Solvej L\u00fcdke, Christoph Nagel, Anna Niederhausen, Tim Pfeiffer, Jesko Pingel, Nele Ri\u00dfmann, Fynn Rohweder, Mira R\u00fcter, Fin Santus, Alexander Sassenberg, S\u00f6nke Scharlau, Clemens Schipper, Jennifer Schmidt, Felix Spencer Sch\u00f6nberg, Lana Sch\u00fctte, Narina Sch\u00fctzeck, Myriam Seifert, J\u00f6rn Sievers, G\u00fcde Sievertsen, Sven Steingr\u00e4ber, S\u00f6ren Stuhr, Johanna Thoms, Gesine Thomsen, Jan Philippe Vo\u00df, Alexander Wiencke, Claudia Wilhelm<\/p>\n\n\n\n<div style=\"height:100px\" aria-hidden=\"true\" class=\"wp-block-spacer\"><\/div>\n\n\n\n<figure class=\"wp-block-image size-full\"><img decoding=\"async\" loading=\"lazy\" width=\"795\" height=\"537\" src=\"http:\/\/test.pus-eck.de\/wp-content\/uploads\/2022\/10\/Real2007.png\" alt=\"\" class=\"wp-image-1684\" srcset=\"http:\/\/test.pus-eck.de\/wp-content\/uploads\/2022\/10\/Real2007.png 795w, http:\/\/test.pus-eck.de\/wp-content\/uploads\/2022\/10\/Real2007-300x203.png 300w, http:\/\/test.pus-eck.de\/wp-content\/uploads\/2022\/10\/Real2007-768x519.png 768w\" sizes=\"(max-width: 795px) 100vw, 795px\" \/><\/figure>\n\n\n\n<p><strong>Die erfolgreichen Absolventinnen und Absolventen mit Realschulabschluss 2007 (10a\/b)<\/strong><\/p>\n\n\n\n<p>Namen aller Absolventinnen und Absolventen mit Realschulabschluss 2007<\/p>\n\n\n\n<p>G\u00fcler Algin, Jana Braider, Lukas Carstens, Kai Tobias Deutschmann, Fabian Dietrich, Frederike Fr\u00f6hlich, Kim Laura Gerlach, Victoria Herbst, Lasse Holst, Signe J\u00fcrgensen, Franziska Kann, Nils Kawall, Tristan Kennedy, Eileen Kinze, Michaela Klammer, Moritz Koch, Anne Constance Kr\u00e4nkel, Sven Marcus, Eike Christjan Philipps, Nadine Schaly, Christian Schmidt, Anika Seemann, Charleen Sellmer, Pitt-Jesper Storm, Christopher Strahl, Malte Tedsen, Thore Tomanetz, Karla Unzen, Inneke Vo\u00df, Marcus Wagner, Max Lukas Wei\u00df, Robert Westphal, Frank Wieczorek, Sarah Wohler<\/p>\n\n\n\n<p>(Weitere 45 Sch\u00fclerinnen und Sch\u00fcler erwarben zus\u00e4tzlich zum Realschulabschluss die \u00dcbergangsberechtigung in die schuleigene Oberstufe und werden hier in drei Jahren als hoffentlich dann erfolgreiche Abiturientinnen und Abiturienten geehrt.)<\/p>\n\n\n\n<div style=\"height:100px\" aria-hidden=\"true\" class=\"wp-block-spacer\"><\/div>\n\n\n\n<figure class=\"wp-block-image size-full\"><img decoding=\"async\" loading=\"lazy\" width=\"794\" height=\"528\" src=\"http:\/\/test.pus-eck.de\/wp-content\/uploads\/2022\/10\/Real-2007.png\" alt=\"\" class=\"wp-image-1682\" srcset=\"http:\/\/test.pus-eck.de\/wp-content\/uploads\/2022\/10\/Real-2007.png 794w, http:\/\/test.pus-eck.de\/wp-content\/uploads\/2022\/10\/Real-2007-300x199.png 300w, http:\/\/test.pus-eck.de\/wp-content\/uploads\/2022\/10\/Real-2007-768x511.png 768w\" sizes=\"(max-width: 794px) 100vw, 794px\" \/><\/figure>\n\n\n\n<p><strong>Die erfolgreichen Absolventinnen und Absolventen mit Realschulabschluss 2007 (10c)<\/strong><\/p>\n\n\n\n<p>Namen aller Absolventinnen und Absolventen mit Realschulabschluss 2007<\/p>\n\n\n\n<p>G\u00fcler Algin, Jana Braider, Lukas Carstens, Kai Tobias Deutschmann, Fabian Dietrich, Frederike Fr\u00f6hlich, Kim Laura Gerlach, Victoria Herbst, Lasse Holst, Signe J\u00fcrgensen, Franziska Kann, Nils Kawall, Tristan Kennedy, Eileen Kinze, Michaela Klammer, Moritz Koch, Anne Constance Kr\u00e4nkel, Sven Marcus, Eike Christjan Philipps, Nadine Schaly, Christian Schmidt, Anika Seemann, Charleen Sellmer, Pitt-Jesper Storm, Christopher Strahl, Malte Tedsen, Thore Tomanetz, Karla Unzen, Inneke Vo\u00df, Marcus Wagner, Max Lukas Wei\u00df, Robert Westphal, Frank Wieczorek, Sarah Wohler<\/p>\n\n\n\n<p>(Weitere 45 Sch\u00fclerinnen und Sch\u00fcler erwarben zus\u00e4tzlich zum Realschulabschluss die \u00dcbergangsberechtigung in die schuleigene Oberstufe und werden hier in drei Jahren als hoffentlich dann erfolgreiche Abiturientinnen und Abiturienten geehrt.)<\/p>\n\n\n\n<div style=\"height:100px\" aria-hidden=\"true\" class=\"wp-block-spacer\"><\/div>\n\n\n\n<figure class=\"wp-block-image size-full\"><img decoding=\"async\" loading=\"lazy\" width=\"793\" height=\"528\" src=\"http:\/\/test.pus-eck.de\/wp-content\/uploads\/2022\/10\/Real20073.png\" alt=\"\" class=\"wp-image-1685\" srcset=\"http:\/\/test.pus-eck.de\/wp-content\/uploads\/2022\/10\/Real20073.png 793w, http:\/\/test.pus-eck.de\/wp-content\/uploads\/2022\/10\/Real20073-300x200.png 300w, http:\/\/test.pus-eck.de\/wp-content\/uploads\/2022\/10\/Real20073-768x511.png 768w\" sizes=\"(max-width: 793px) 100vw, 793px\" \/><\/figure>\n\n\n\n<p><strong>Die erfolgreichen Absolventinnen und Absolventen mit Realschulabschluss 2007 (10d)<\/strong><\/p>\n\n\n\n<p>Namen aller Absolventinnen und Absolventen mit Realschulabschluss 2007:<\/p>\n\n\n\n<p>G\u00fcler  Algin, Jana Braider, Lukas Carstens, Kai Tobias Deutschmann, Fabian  Dietrich, Frederike Fr\u00f6hlich, Kim Laura Gerlach, Victoria Herbst, Lasse  Holst, Signe J\u00fcrgensen, Franziska Kann, Nils Kawall, Tristan Kennedy,  Eileen Kinze, Michaela Klammer, Moritz Koch, Anne Constance Kr\u00e4nkel,  Sven Marcus, Eike Christjan Philipps, Nadine Schaly, Christian Schmidt,  Anika Seemann, Charleen Sellmer, Pitt-Jesper Storm, Christopher Strahl,  Malte Tedsen, Thore Tomanetz, Karla Unzen, Inneke Vo\u00df, Marcus Wagner,  Max Lukas Wei\u00df, Robert Westphal, Frank Wieczorek, Sarah Wohler  (Weitere 45 Sch\u00fclerinnen und Sch\u00fcler erwarben zus\u00e4tzlich zum  Realschulabschluss die \u00dcbergangsberechtigung in die schuleigene  Oberstufe und werden hier in drei Jahren als hoffentlich dann  erfolgreiche Abiturientinnen und Abiturienten geehrt.<\/p>\n\n\n\n<div style=\"height:100px\" aria-hidden=\"true\" class=\"wp-block-spacer\"><\/div>\n\n\n\n<figure class=\"wp-block-image size-full\"><img decoding=\"async\" loading=\"lazy\" width=\"792\" height=\"531\" src=\"http:\/\/test.pus-eck.de\/wp-content\/uploads\/2022\/10\/haupt2007.png\" alt=\"\" class=\"wp-image-1686\" srcset=\"http:\/\/test.pus-eck.de\/wp-content\/uploads\/2022\/10\/haupt2007.png 792w, http:\/\/test.pus-eck.de\/wp-content\/uploads\/2022\/10\/haupt2007-300x201.png 300w, http:\/\/test.pus-eck.de\/wp-content\/uploads\/2022\/10\/haupt2007-768x515.png 768w\" sizes=\"(max-width: 792px) 100vw, 792px\" \/><\/figure>\n\n\n\n<p><strong>Die erfolgreichen Absolventinnen und Absolventen mit Hauptschullabschluss 2007<\/strong><\/p>\n\n\n\n<p>Esma Acer, Lisa Becker, Tim Bethune, Alina Braider, Tuba Dag, Claudius Dobs, Arvid Ernst, Marilena Frank,<br>Djana Gapski, Lorena Maih\u00f6fer, Daniel Morhardt, Florian Nisius, Sina Pietrzik, Bj\u00f6rn Rathmann, Leonie Richter,<br>Bastian Romeike, Malte Sch\u00f6nfeld, Alexander Siemoneit<\/p>\n","protected":false},"excerpt":{"rendered":"<p>Die Schu\u0308lerinnen und Sch\u00fcler mit Fachhochschulreife (schulischer Teil)und die Abiturientinnen und Abiturienten 2007 Fachhochschulreife (schulischer Teil) 2007Melena Albrecht, Simon Eiben, Mareike St\u00fcwe Abiturientinnen und Abiturienten 2007Leevke A\u00dfmann, Erik Becker, Elehna Bethune, Katharina Bistram, Bastian Broda, Ninja Broocks, Federike Carl, Katharina Dannath, Boy Lennart Detlefsen, Elisabeth Dietrich, Paula Duske, Annika Ehrich, Johanna Feige, Momme Grams, Jessica [&hellip;]<\/p>\n","protected":false},"author":1,"featured_media":1688,"comment_status":"closed","ping_status":"closed","sticky":false,"template":"","format":"standard","meta":[],"categories":[13,35],"tags":[],"_links":{"self":[{"href":"http:\/\/test.pus-eck.de\/index.php?rest_route=\/wp\/v2\/posts\/1680"}],"collection":[{"href":"http:\/\/test.pus-eck.de\/index.php?rest_route=\/wp\/v2\/posts"}],"about":[{"href":"http:\/\/test.pus-eck.de\/index.php?rest_route=\/wp\/v2\/types\/post"}],"author":[{"embeddable":true,"href":"http:\/\/test.pus-eck.de\/index.php?rest_route=\/wp\/v2\/users\/1"}],"replies":[{"embeddable":true,"href":"http:\/\/test.pus-eck.de\/index.php?rest_route=%2Fwp%2Fv2%2Fcomments&post=1680"}],"version-history":[{"count":1,"href":"http:\/\/test.pus-eck.de\/index.php?rest_route=\/wp\/v2\/posts\/1680\/revisions"}],"predecessor-version":[{"id":1687,"href":"http:\/\/test.pus-eck.de\/index.php?rest_route=\/wp\/v2\/posts\/1680\/revisions\/1687"}],"wp:featuredmedia":[{"embeddable":true,"href":"http:\/\/test.pus-eck.de\/index.php?rest_route=\/wp\/v2\/media\/1688"}],"wp:attachment":[{"href":"http:\/\/test.pus-eck.de\/index.php?rest_route=%2Fwp%2Fv2%2Fmedia&parent=1680"}],"wp:term":[{"taxonomy":"category","embeddable":true,"href":"http:\/\/test.pus-eck.de\/index.php?rest_route=%2Fwp%2Fv2%2Fcategories&post=1680"},{"taxonomy":"post_tag","embeddable":true,"href":"http:\/\/test.pus-eck.de\/index.php?rest_route=%2Fwp%2Fv2%2Ftags&post=1680"}],"curies":[{"name":"wp","href":"https:\/\/api.w.org\/{rel}","templated":true}]}}