{"id":1672,"date":"2021-09-17T19:36:00","date_gmt":"2021-09-17T17:36:00","guid":{"rendered":"http:\/\/test.pus-eck.de\/?p=1672"},"modified":"2022-10-23T19:37:49","modified_gmt":"2022-10-23T17:37:49","slug":"schulabschluesse-2006","status":"publish","type":"post","link":"http:\/\/test.pus-eck.de\/?p=1672","title":{"rendered":"Schulabschl\u00fcsse 2006"},"content":{"rendered":"\n<figure class=\"wp-block-image size-full\"><img decoding=\"async\" loading=\"lazy\" width=\"795\" height=\"529\" src=\"http:\/\/test.pus-eck.de\/wp-content\/uploads\/2022\/10\/abi2006.png\" alt=\"\" class=\"wp-image-1673\" srcset=\"http:\/\/test.pus-eck.de\/wp-content\/uploads\/2022\/10\/abi2006.png 795w, http:\/\/test.pus-eck.de\/wp-content\/uploads\/2022\/10\/abi2006-300x200.png 300w, http:\/\/test.pus-eck.de\/wp-content\/uploads\/2022\/10\/abi2006-768x511.png 768w\" sizes=\"(max-width: 795px) 100vw, 795px\" \/><\/figure>\n\n\n\n<p><strong>Die Abiturientinnen und Abiturienten 2006<\/strong><\/p>\n\n\n\n<p>Max Baade, Christopher Bock, Dania Sophie Bornh\u00f6ft, Jasper Malte Bornh\u00f6ft, Franziska Brackmann, Levke Clausen,<br>Ole Cramer, Paul Endrejat, Marcus Fischbach, Catharina Gauda, Lukas Giese, Claudia G\u00fcnther, Paul H\u00e4u\u00dfermann, Sharon Heyn, Alena-Franziska Hindersmann, Lars Kitzel, Anne Klopp-Schulze, Pia K\u00f6hler, Maike Lemke,<br>Katharina Machau, Nicole M\u00f6ller, Knud M\u00f6llers, Anna Lisa Nier, Vanessa Peters, Jill Pommerening,<br>Maria Rauschenberger, Thorben Rode, Sarah Sassenberg, Thorben Schmidt, Florian Schnauer, Oliver Schulz,<br>Christian Segler, Phillip Sieger, Julia Stary, S\u00f6nje Tedsen, Stephanie Thomsen, Wiebke Weber, Malte Wendt,<br>Matthias Wiesensee.<\/p>\n\n\n\n<p>Der junge Mann im seri\u00f6sen Anzug mit rotem Schlips in der mittleren Reihe ist \u00fcbrigens kein Abiturient des Jahrgangs 2006, sondern der Schulleiter Dirk S\u00f6hren der damaligen Integrierten Gesamtschule Eckernf\u00f6rde.<\/p>\n\n\n\n<div style=\"height:100px\" aria-hidden=\"true\" class=\"wp-block-spacer\"><\/div>\n\n\n\n<figure class=\"wp-block-image size-full\"><img decoding=\"async\" loading=\"lazy\" width=\"792\" height=\"527\" src=\"http:\/\/test.pus-eck.de\/wp-content\/uploads\/2022\/10\/Fachhoch.png\" alt=\"\" class=\"wp-image-1674\" srcset=\"http:\/\/test.pus-eck.de\/wp-content\/uploads\/2022\/10\/Fachhoch.png 792w, http:\/\/test.pus-eck.de\/wp-content\/uploads\/2022\/10\/Fachhoch-300x200.png 300w, http:\/\/test.pus-eck.de\/wp-content\/uploads\/2022\/10\/Fachhoch-768x511.png 768w\" sizes=\"(max-width: 792px) 100vw, 792px\" \/><\/figure>\n\n\n\n<p><strong>Die Schu\u0308lerinnen und Sch\u00fcler mit Fachhochschulreife 2006 (schulischer Teil)<\/strong><\/p>\n\n\n\n<p>Sarah K\u00f6ppen, Kristin Lazina, Arne Peers, Benjamin Rathje, Jette Stolley und S\u00f6ren Jessen<\/p>\n\n\n\n<div style=\"height:100px\" aria-hidden=\"true\" class=\"wp-block-spacer\"><\/div>\n\n\n\n<figure class=\"wp-block-image size-full\"><img decoding=\"async\" loading=\"lazy\" width=\"796\" height=\"531\" src=\"http:\/\/test.pus-eck.de\/wp-content\/uploads\/2022\/10\/Real2006.png\" alt=\"\" class=\"wp-image-1675\" srcset=\"http:\/\/test.pus-eck.de\/wp-content\/uploads\/2022\/10\/Real2006.png 796w, http:\/\/test.pus-eck.de\/wp-content\/uploads\/2022\/10\/Real2006-300x200.png 300w, http:\/\/test.pus-eck.de\/wp-content\/uploads\/2022\/10\/Real2006-768x512.png 768w\" sizes=\"(max-width: 796px) 100vw, 796px\" \/><\/figure>\n\n\n\n<p><strong>Die erfolgreichen Absolventinnen und Absolventen mit Realschulabschluss 2006<\/strong><\/p>\n\n\n\n<p>Julan Becker, Anneke B\u00f6ttcher, Melanie Clement, Janin Dodenh\u00f6ft, Steven Fleeth, Marlena Fl\u00fcgge, Sarah Freese,<br>Tobias Grage, Peter Greifsm\u00fchlen, Ann-Kathrin H\u00e4\u00dfler, Charlott Hecker, Finn-Janning Heinrich, Robin Hermann,<br>Nils Himstedt, Maj-Kristin Husvogt, Juliane Huth, Ole Jacobsen, Jonas Kunz, Natalja Litwinenko, Melanie Meyer,<br>Lars Paulikat, Svana Pollaschek, Marcel Profittlich, Fritz Torben Schaarschmidt, Jaqueline Schmidt, Janine Schnauer, Janine Schulz, Mark Seemann, Katharina Steinort, Lennart Strey, Nicole Tams, Jonas Vogel, Tim Werner<\/p>\n\n\n\n<p>(48 weitere Sch\u00fclerinnen und Sch\u00fcler erwarben zugleich die zus\u00e4tzliche Qualifikation zum Besuch der gymnasialen Oberstufe und werden nach erfolgreichem Abitur dort lobend erw\u00e4hnt)<\/p>\n\n\n\n<div style=\"height:100px\" aria-hidden=\"true\" class=\"wp-block-spacer\"><\/div>\n\n\n\n<figure class=\"wp-block-image size-full\"><img decoding=\"async\" loading=\"lazy\" width=\"798\" height=\"529\" src=\"http:\/\/test.pus-eck.de\/wp-content\/uploads\/2022\/10\/haupt.png\" alt=\"\" class=\"wp-image-1676\" srcset=\"http:\/\/test.pus-eck.de\/wp-content\/uploads\/2022\/10\/haupt.png 798w, http:\/\/test.pus-eck.de\/wp-content\/uploads\/2022\/10\/haupt-300x199.png 300w, http:\/\/test.pus-eck.de\/wp-content\/uploads\/2022\/10\/haupt-768x509.png 768w\" sizes=\"(max-width: 798px) 100vw, 798px\" \/><\/figure>\n\n\n\n<p><strong>Die erfolgreichen Absolventinnen und Absolventen mit Hauptschullabschluss 2006<\/strong><\/p>\n\n\n\n<p>Yvonne Abram, Jan-Patrick B\u00e4te, Jennifer Bialkowski, Stephanie Buhs, Simon Ebner, Marvin Gerstner, Pascal G\u00f6tz, Donino Klose, Manon Knippenborg, Amelie Knuth, Franziska Kubiczeck, Natalie Kubsch, Martha Kwiecinska,<br>Marco Matthiesen, Anike Modi, Stefan M\u00f6ller, Julia Mohr, Marc-Andr\u00e9 Morhardt, Mich\u00e9l Objartel, Vitalie Rejdel,<br>Marcel Stuck, Alina Thede, Julia Tiedemann, Maike Wessel, Torben Zacharias<\/p>\n","protected":false},"excerpt":{"rendered":"<p>Die Abiturientinnen und Abiturienten 2006 Max Baade, Christopher Bock, Dania Sophie Bornh\u00f6ft, Jasper Malte Bornh\u00f6ft, Franziska Brackmann, Levke Clausen,Ole Cramer, Paul Endrejat, Marcus Fischbach, Catharina Gauda, Lukas Giese, Claudia G\u00fcnther, Paul H\u00e4u\u00dfermann, Sharon Heyn, Alena-Franziska Hindersmann, Lars Kitzel, Anne Klopp-Schulze, Pia K\u00f6hler, Maike Lemke,Katharina Machau, Nicole M\u00f6ller, Knud M\u00f6llers, Anna Lisa Nier, Vanessa Peters, Jill [&hellip;]<\/p>\n","protected":false},"author":1,"featured_media":1673,"comment_status":"closed","ping_status":"closed","sticky":false,"template":"","format":"standard","meta":[],"categories":[13,34],"tags":[],"_links":{"self":[{"href":"http:\/\/test.pus-eck.de\/index.php?rest_route=\/wp\/v2\/posts\/1672"}],"collection":[{"href":"http:\/\/test.pus-eck.de\/index.php?rest_route=\/wp\/v2\/posts"}],"about":[{"href":"http:\/\/test.pus-eck.de\/index.php?rest_route=\/wp\/v2\/types\/post"}],"author":[{"embeddable":true,"href":"http:\/\/test.pus-eck.de\/index.php?rest_route=\/wp\/v2\/users\/1"}],"replies":[{"embeddable":true,"href":"http:\/\/test.pus-eck.de\/index.php?rest_route=%2Fwp%2Fv2%2Fcomments&post=1672"}],"version-history":[{"count":1,"href":"http:\/\/test.pus-eck.de\/index.php?rest_route=\/wp\/v2\/posts\/1672\/revisions"}],"predecessor-version":[{"id":1677,"href":"http:\/\/test.pus-eck.de\/index.php?rest_route=\/wp\/v2\/posts\/1672\/revisions\/1677"}],"wp:featuredmedia":[{"embeddable":true,"href":"http:\/\/test.pus-eck.de\/index.php?rest_route=\/wp\/v2\/media\/1673"}],"wp:attachment":[{"href":"http:\/\/test.pus-eck.de\/index.php?rest_route=%2Fwp%2Fv2%2Fmedia&parent=1672"}],"wp:term":[{"taxonomy":"category","embeddable":true,"href":"http:\/\/test.pus-eck.de\/index.php?rest_route=%2Fwp%2Fv2%2Fcategories&post=1672"},{"taxonomy":"post_tag","embeddable":true,"href":"http:\/\/test.pus-eck.de\/index.php?rest_route=%2Fwp%2Fv2%2Ftags&post=1672"}],"curies":[{"name":"wp","href":"https:\/\/api.w.org\/{rel}","templated":true}]}}