{"id":1661,"date":"2021-09-15T18:46:00","date_gmt":"2021-09-15T16:46:00","guid":{"rendered":"http:\/\/test.pus-eck.de\/?p=1661"},"modified":"2022-10-23T19:39:01","modified_gmt":"2022-10-23T17:39:01","slug":"schulabschluesse-1999","status":"publish","type":"post","link":"http:\/\/test.pus-eck.de\/?p=1661","title":{"rendered":"Schulabschl\u00fcsse 1999"},"content":{"rendered":"\n<figure class=\"wp-block-image size-full\"><img decoding=\"async\" loading=\"lazy\" width=\"796\" height=\"412\" src=\"http:\/\/test.pus-eck.de\/wp-content\/uploads\/2022\/10\/Abi99.png\" alt=\"\" class=\"wp-image-1663\" srcset=\"http:\/\/test.pus-eck.de\/wp-content\/uploads\/2022\/10\/Abi99.png 796w, http:\/\/test.pus-eck.de\/wp-content\/uploads\/2022\/10\/Abi99-300x155.png 300w, http:\/\/test.pus-eck.de\/wp-content\/uploads\/2022\/10\/Abi99-768x398.png 768w\" sizes=\"(max-width: 796px) 100vw, 796px\" \/><\/figure>\n\n\n\n<p><strong>Die Abiturientinnen und Abiturienten 1999<\/strong><\/p>\n\n\n\n<p>Benjamin B\u00fcsing, Tina Deus, Kalle Ehlers, Nina-Maria Finkeldey, Nadine Fischer, Lena Giese, Rike G\u00f6ssel,<br>Jan Hagemann, Caren Heuer, Bastian J\u00f6hnk, Henning Broder Klein, Birgit Kolditz, Anja K\u00f6ppen,<br>Hannes Kurzreuther, Nadja Lietz, Mathias Lohmann, Gerhard Marklein, Nina Markut, Silvia Ohms,<br>Alexander Richter-Langbehn, Sina Schoppe, Cornelia Schr\u00f6der, Hellena, Seifert, Mareike Sell, Daniel Sieh,<br>Telse Vogel, Nina von Bergen, Malte Witzig, Jessica Wolff<\/p>\n\n\n\n<div style=\"height:100px\" aria-hidden=\"true\" class=\"wp-block-spacer\"><\/div>\n\n\n\n<figure class=\"wp-block-image size-full is-resized\"><img decoding=\"async\" loading=\"lazy\" src=\"http:\/\/test.pus-eck.de\/wp-content\/uploads\/2022\/10\/Unbenannt.png\" alt=\"\" class=\"wp-image-1662\" width=\"414\" height=\"257\" srcset=\"http:\/\/test.pus-eck.de\/wp-content\/uploads\/2022\/10\/Unbenannt.png 413w, http:\/\/test.pus-eck.de\/wp-content\/uploads\/2022\/10\/Unbenannt-300x186.png 300w\" sizes=\"(max-width: 414px) 100vw, 414px\" \/><\/figure>\n\n\n\n<p><strong>Die erfolgreichen Absolventinnen und Absolventen mit Realschulabschluss 1999<\/strong><\/p>\n\n\n\n<p>Nils-Ole Bannemann, Julia Bistram, Maike Bock, Nina B\u00f6nsch, Marc Burjert, Thomas Cramer,<br>Christian Daedlow, Anika Gemsa, Ivo Hammer, Hans-J\u00fcrgen Je\u00df, Janne Je\u00df, Kristofer Kahn, Kristina Kaiser,<br>Nadine Kmker, Oliver Kolls, Janine Kruse, Christin Landau, Kai Langfeldt, Anjima Lehmann, Nina Milanowski,<br>Stefan Osmanovic, Beatrice Petersen, Christine Petersen, Angela Reimann, Katrin Schr\u00f6der, Maren Sick,<br>Jasmin Sterzinger, Christina Stryszyk,Benjamin Swoboda Jegan Thilaganathan, Stephanie Waldenburger, Martin Z\u00f6llner<\/p>\n\n\n\n<div style=\"height:100px\" aria-hidden=\"true\" class=\"wp-block-spacer\"><\/div>\n\n\n\n<figure class=\"wp-block-image size-full\"><img decoding=\"async\" loading=\"lazy\" width=\"413\" height=\"256\" src=\"http:\/\/test.pus-eck.de\/wp-content\/uploads\/2022\/10\/Unbenannt.png\" alt=\"\" class=\"wp-image-1662\" srcset=\"http:\/\/test.pus-eck.de\/wp-content\/uploads\/2022\/10\/Unbenannt.png 413w, http:\/\/test.pus-eck.de\/wp-content\/uploads\/2022\/10\/Unbenannt-300x186.png 300w\" sizes=\"(max-width: 413px) 100vw, 413px\" \/><\/figure>\n\n\n\n<p><strong>Die erfolgreichen Absolventinnen und Absolventen mit Hauptschullabschluss<\/strong><\/p>\n\n\n\n<p>Stefanie Beck, Carsten Bruhn, Michael Clement, Martina H\u00f6nicke, Katrin Jankowski, Kristin Karschewski, Rasmus Klischat, Daniel Langhann, Chrisoph M\u00f6ller, Inge M\u00f6ller, Meike M\u00f6ller, Florian Oestreich, Nina Pietrzak, Johannes Randschau, Alexander Schmidt, Jan Sienknecht, Robert Wussow, Andr\u00e9 Zithier<\/p>\n","protected":false},"excerpt":{"rendered":"<p>Die Abiturientinnen und Abiturienten 1999 Benjamin B\u00fcsing, Tina Deus, Kalle Ehlers, Nina-Maria Finkeldey, Nadine Fischer, Lena Giese, Rike G\u00f6ssel,Jan Hagemann, Caren Heuer, Bastian J\u00f6hnk, Henning Broder Klein, Birgit Kolditz, Anja K\u00f6ppen,Hannes Kurzreuther, Nadja Lietz, Mathias Lohmann, Gerhard Marklein, Nina Markut, Silvia Ohms,Alexander Richter-Langbehn, Sina Schoppe, Cornelia Schr\u00f6der, Hellena, Seifert, Mareike Sell, Daniel Sieh,Telse Vogel, Nina [&hellip;]<\/p>\n","protected":false},"author":1,"featured_media":1663,"comment_status":"closed","ping_status":"closed","sticky":false,"template":"","format":"standard","meta":[],"categories":[13,33],"tags":[],"_links":{"self":[{"href":"http:\/\/test.pus-eck.de\/index.php?rest_route=\/wp\/v2\/posts\/1661"}],"collection":[{"href":"http:\/\/test.pus-eck.de\/index.php?rest_route=\/wp\/v2\/posts"}],"about":[{"href":"http:\/\/test.pus-eck.de\/index.php?rest_route=\/wp\/v2\/types\/post"}],"author":[{"embeddable":true,"href":"http:\/\/test.pus-eck.de\/index.php?rest_route=\/wp\/v2\/users\/1"}],"replies":[{"embeddable":true,"href":"http:\/\/test.pus-eck.de\/index.php?rest_route=%2Fwp%2Fv2%2Fcomments&post=1661"}],"version-history":[{"count":1,"href":"http:\/\/test.pus-eck.de\/index.php?rest_route=\/wp\/v2\/posts\/1661\/revisions"}],"predecessor-version":[{"id":1664,"href":"http:\/\/test.pus-eck.de\/index.php?rest_route=\/wp\/v2\/posts\/1661\/revisions\/1664"}],"wp:featuredmedia":[{"embeddable":true,"href":"http:\/\/test.pus-eck.de\/index.php?rest_route=\/wp\/v2\/media\/1663"}],"wp:attachment":[{"href":"http:\/\/test.pus-eck.de\/index.php?rest_route=%2Fwp%2Fv2%2Fmedia&parent=1661"}],"wp:term":[{"taxonomy":"category","embeddable":true,"href":"http:\/\/test.pus-eck.de\/index.php?rest_route=%2Fwp%2Fv2%2Fcategories&post=1661"},{"taxonomy":"post_tag","embeddable":true,"href":"http:\/\/test.pus-eck.de\/index.php?rest_route=%2Fwp%2Fv2%2Ftags&post=1661"}],"curies":[{"name":"wp","href":"https:\/\/api.w.org\/{rel}","templated":true}]}}