{"id":1620,"date":"2022-08-12T17:56:00","date_gmt":"2022-08-12T15:56:00","guid":{"rendered":"http:\/\/test.pus-eck.de\/?p=1620"},"modified":"2022-09-18T17:59:28","modified_gmt":"2022-09-18T15:59:28","slug":"elternbrief-2","status":"publish","type":"post","link":"http:\/\/test.pus-eck.de\/?p=1620","title":{"rendered":"Elternbrief"},"content":{"rendered":"\n<p><\/p>\n\n\n\n<p class=\"has-large-font-size\"><strong>Elternbrief<\/strong><\/p>\n\n\n\n<p><strong>Liebe Sch\u00fclerinnen und Sch\u00fcler, liebe Eltern,<\/strong><\/p>\n\n\n\n<p>ich hoffe, dass Sie und Ihr sch\u00f6ne Ferientage hattet und gut gest\u00e4rkt in das neue Schuljahr gehen k\u00f6nnt. Hoffentlich wird es trotz mancher Warnungen ein ganz normales Schuljahr.<\/p>\n\n\n\n<p>Aber zun\u00e4chst zum vergangenen Jahr: Bedingt durch einige Personal\u00e4nderungen und Erkrankungen in der Schulleitung und auch im Kollegium gab es eine Reihe von pl\u00f6tzlichen \u00c4nderungen bei den Klassenlehrkr\u00e4ften und auch so machen Unterrichtsausfall. Wir hatten vor allem im letzten Quartal des Schuljahres neben den vielseitigen Abschlusspr\u00fcfungen, die viel Pr\u00fcfpersonal banden, auch viele coronabedingte Ausf\u00e4lle, sowohl unter den Sch\u00fclerinnen und Sch\u00fclern als auch im Kollegium. Wenn sich bis zu 10 Lehrkr\u00e4fte mit Corona abmelden m\u00fcssen ist es uns morgens kaum noch m\u00f6glich, Ersatz-lehrkr\u00e4fte zu organisieren. Trotzdem hat uns das Bildungsministerium einige Aushilfslehrkr\u00e4fte bis zu den Sommerferien zur Verf\u00fcgung stellen k\u00f6nnen, so dass sich die Unterrichtsausf\u00e4lle in Grenzen hielten.<\/p>\n\n\n\n<p>F\u00fcr das neue Schuljahr haben wir deshalb rechtzeitig noch einige neue Lehrkr\u00e4fte einwerben k\u00f6nnen, so dass wir guten Mutes und ohne Leerpl\u00e4tze im neuen Stundenplan starten k\u00f6nnen \u2013 wenn uns Corona nicht wieder Ausf\u00e4lle bereitet.<\/p>\n\n\n\n<p>Auch im Schulleitungsteam haben sich einige Ver\u00e4nderungen ergeben: Herr Dr. Ehlers (Mathe und Physik) ist ab dem 01.08. neuer Mittelstufenleiter (8.-10. Jg.) und l\u00f6st Herrn Baum auf diesem Posten ab, der weiterhin als kommissarischer Schulleiter bis zur R\u00fcckkehr von Frau Freudenthal agieren wird. Und als Nachfolger von Frau Timmermann wird Herr Rehbehn (Mathe und Sport) den Posten als stellv. Schulleiter \u00fcbernehmen. Zwei zus\u00e4tzliche Planstellen gaben uns auch die M\u00f6glichkeit zwei gute Lehrkr\u00e4fte fest anzustellen und damit bei einer ganzen Reihe von F\u00e4chern L\u00fccken zu stopfen, denn diese Beiden, Frau Becker und Herr Linde, bringen mit Mathe, Englisch, Geschichte, Latein und Philosophie gleich f\u00fcnf F\u00e4cher mit. Zudem konnten wir weitere Vertretungskr\u00e4fte zus\u00e4tzlich ver-pflichten, so dass wir hoffen, m\u00f6glichst keine oder nur wenige Unterrichtsausf\u00e4lle vor uns zu haben.<\/p>\n\n\n\n<p>Bez\u00fcglich des von der Stadt Eckernf\u00f6rde angek\u00fcndigten Neubaus des Schulzentrums, das uns alle im vergangenen Schuljahr aufgeregt hat, ist es ruhiger geworden. Die Stadt Eckernf\u00f6rde m\u00f6chte sich erst noch einmal selbst sortieren und wahrscheinlich auch erst noch die neue B\u00fcrgermeisterin ins Amt einf\u00fchren, bis das Bauthema wieder in die Planung der st\u00e4dtischen Gremien genommen wird.<\/p>\n\n\n\n<p>Der Unterricht im neuen Schuljahr beginnt am Montag, dem 15.08. mit der ersten Stunde und endet nach der 4. Stunde und nach dem Mittagessen, da die Lehrkr\u00e4fte am Nachmittag noch viele Sitzungen zur Vorbereitung des Schuljahres haben werden.<\/p>\n\n\n\n<p>Am Dienstag, dem 16.08. findet ab 15 Uhr die Einschulung des neuen 5. Jahrgangs statt. Daher l\u00e4uft auch am Dienstag der regul\u00e4re Unterricht nur von der 1. bis zur 4. Stunde incl. Mittagessen.<\/p>\n\n\n\n<p><a><\/a> Mit freundlichen Gr\u00fc\u00dfen<\/p>\n\n\n\n<p>Michael Baum<\/p>\n\n\n\n<p>(kommissarischer Schulleiter)<\/p>\n","protected":false},"excerpt":{"rendered":"<p>Elternbrief Liebe Sch\u00fclerinnen und Sch\u00fcler, liebe Eltern, ich hoffe, dass Sie und Ihr sch\u00f6ne Ferientage hattet und gut gest\u00e4rkt in das neue Schuljahr gehen k\u00f6nnt. Hoffentlich wird es trotz mancher Warnungen ein ganz normales Schuljahr. Aber zun\u00e4chst zum vergangenen Jahr: Bedingt durch einige Personal\u00e4nderungen und Erkrankungen in der Schulleitung und auch im Kollegium gab es [&hellip;]<\/p>\n","protected":false},"author":1,"featured_media":0,"comment_status":"closed","ping_status":"closed","sticky":false,"template":"","format":"standard","meta":[],"categories":[32],"tags":[],"_links":{"self":[{"href":"http:\/\/test.pus-eck.de\/index.php?rest_route=\/wp\/v2\/posts\/1620"}],"collection":[{"href":"http:\/\/test.pus-eck.de\/index.php?rest_route=\/wp\/v2\/posts"}],"about":[{"href":"http:\/\/test.pus-eck.de\/index.php?rest_route=\/wp\/v2\/types\/post"}],"author":[{"embeddable":true,"href":"http:\/\/test.pus-eck.de\/index.php?rest_route=\/wp\/v2\/users\/1"}],"replies":[{"embeddable":true,"href":"http:\/\/test.pus-eck.de\/index.php?rest_route=%2Fwp%2Fv2%2Fcomments&post=1620"}],"version-history":[{"count":2,"href":"http:\/\/test.pus-eck.de\/index.php?rest_route=\/wp\/v2\/posts\/1620\/revisions"}],"predecessor-version":[{"id":1622,"href":"http:\/\/test.pus-eck.de\/index.php?rest_route=\/wp\/v2\/posts\/1620\/revisions\/1622"}],"wp:attachment":[{"href":"http:\/\/test.pus-eck.de\/index.php?rest_route=%2Fwp%2Fv2%2Fmedia&parent=1620"}],"wp:term":[{"taxonomy":"category","embeddable":true,"href":"http:\/\/test.pus-eck.de\/index.php?rest_route=%2Fwp%2Fv2%2Fcategories&post=1620"},{"taxonomy":"post_tag","embeddable":true,"href":"http:\/\/test.pus-eck.de\/index.php?rest_route=%2Fwp%2Fv2%2Ftags&post=1620"}],"curies":[{"name":"wp","href":"https:\/\/api.w.org\/{rel}","templated":true}]}}