{"id":1617,"date":"2021-09-16T15:56:00","date_gmt":"2021-09-16T13:56:00","guid":{"rendered":"http:\/\/test.pus-eck.de\/?p=1617"},"modified":"2022-10-23T19:27:41","modified_gmt":"2022-10-23T17:27:41","slug":"realschulabschluss-2005","status":"publish","type":"post","link":"http:\/\/test.pus-eck.de\/?p=1617","title":{"rendered":"Schulabschl\u00fcsse 2005"},"content":{"rendered":"\n<figure class=\"wp-block-image size-full\"><img decoding=\"async\" loading=\"lazy\" width=\"957\" height=\"704\" src=\"http:\/\/test.pus-eck.de\/wp-content\/uploads\/2022\/10\/abi2005.png\" alt=\"\" class=\"wp-image-1670\" srcset=\"http:\/\/test.pus-eck.de\/wp-content\/uploads\/2022\/10\/abi2005.png 957w, http:\/\/test.pus-eck.de\/wp-content\/uploads\/2022\/10\/abi2005-300x221.png 300w, http:\/\/test.pus-eck.de\/wp-content\/uploads\/2022\/10\/abi2005-768x565.png 768w\" sizes=\"(max-width: 957px) 100vw, 957px\" \/><\/figure>\n\n\n\n<p><strong>Die Abiturientinnen und Abiturienten 2005<\/strong><\/p>\n\n\n\n<p>Claudia Asbahr, J\u00f6rn Bielfeldt, Katrin Bremer, Heiko von Ditfurth, Finn Thore Domscheit, Benjamin D\u00fcwal, Kathrin Ehrich, Lennart Finkeldey, Taisija Gracev, Wiebke Hamann, Sara Carina Hansmann, Robert Hennig, Krischan Herda, Thomas Homburg, Maike Kahl, Simon Kase, Nils Robert Koch, Merle Kohn, Britta K\u00f6pke, Kristina K\u00f6r\u00f6ssy, Alexander Kr\u00e4mer, Kathrin Marschall, Marc-Andr\u00e9 Medler, Luisa Michelau, Stefan M\u00fcller, Torge Nehls, Ove Numrich, Christian Rebitz, Cornelia Renk, Britta Sachau, Derk Scharnweber, Andr\u00e9-Phillip Schneider, Jannis Staiger, Anastassia Weber, Lina Wolf und Mary Wood<\/p>\n\n\n\n<p>Die Fachhochschulreife (schulischer Teil) erreichten Yannick Ahlers und Franziska K\u00f6hler<\/p>\n\n\n\n<div style=\"height:100px\" aria-hidden=\"true\" class=\"wp-block-spacer\"><\/div>\n\n\n\n<figure class=\"wp-block-image size-full\"><img decoding=\"async\" loading=\"lazy\" width=\"961\" height=\"724\" src=\"http:\/\/test.pus-eck.de\/wp-content\/uploads\/2022\/09\/Webaufnahme_16-9-2022_155420_pus-eck.de_.jpeg\" alt=\"\" class=\"wp-image-1618\" srcset=\"http:\/\/test.pus-eck.de\/wp-content\/uploads\/2022\/09\/Webaufnahme_16-9-2022_155420_pus-eck.de_.jpeg 961w, http:\/\/test.pus-eck.de\/wp-content\/uploads\/2022\/09\/Webaufnahme_16-9-2022_155420_pus-eck.de_-300x226.jpeg 300w, http:\/\/test.pus-eck.de\/wp-content\/uploads\/2022\/09\/Webaufnahme_16-9-2022_155420_pus-eck.de_-768x579.jpeg 768w\" sizes=\"(max-width: 961px) 100vw, 961px\" \/><\/figure>\n\n\n\n<p><strong>Die erfolgreichen Absolventinnen und Absolventen mit Realschulabschluss 2005<\/strong><\/p>\n\n\n\n<p>10a: Denise Knippenborg,&nbsp; Marie Kunz, Mareike Marquardt, Anja Scheel, Matthias Thomsen, Sandra Vollmer, Daniela Witth\u00f6ft<\/p>\n\n\n\n<p>10b:&nbsp; Yvonne Kawall, Martina Klammer, Alexander Mei\u00dfner, Vanessa Retzlaff, Simon R\u00fcter, Tim Stoltenberg und&nbsp; Philipp Zander<br><br>10c:&nbsp; Larissa Ahlers, Bj\u00f6rn Benthien, Leander Giese, Kristian&nbsp; Havenstein, Han Hendrik K\u00f6ppen, Agnes Marie Longerich, Oliver Ohm, Klaas Hinnark Profitlich, Alena Schmitter, Christine Sturm und Stephan Wilde<\/p>\n\n\n\n<p>10d: Kim-Sandro Karau, Dominik Karpowski, Sergej Lie\u00dfegang und&nbsp; Tim Wegner<br><br>40 Sch\u00fclerinnen und Sch\u00fcler erwarben zugleich die zus\u00e4tzliche Qualifikation zum Besuch der gymnasialen Oberstufe und werden dann in drei Jahren nach Abschluss des Abiturs lobend erw\u00e4hnt.<\/p>\n\n\n\n<div style=\"height:100px\" aria-hidden=\"true\" class=\"wp-block-spacer\"><\/div>\n\n\n\n<figure class=\"wp-block-image size-full\"><img decoding=\"async\" loading=\"lazy\" width=\"960\" height=\"690\" src=\"http:\/\/test.pus-eck.de\/wp-content\/uploads\/2022\/10\/haupt2005.png\" alt=\"\" class=\"wp-image-1669\" srcset=\"http:\/\/test.pus-eck.de\/wp-content\/uploads\/2022\/10\/haupt2005.png 960w, http:\/\/test.pus-eck.de\/wp-content\/uploads\/2022\/10\/haupt2005-300x216.png 300w, http:\/\/test.pus-eck.de\/wp-content\/uploads\/2022\/10\/haupt2005-768x552.png 768w\" sizes=\"(max-width: 960px) 100vw, 960px\" \/><\/figure>\n\n\n\n<p><strong>Die erfolgreichen Absolventinnen und Absolventen mit Hauptschullabschluss 2005<\/strong><\/p>\n\n\n\n<p>9a: Benjamin Axel Hansen, Bj\u00f6rn Klitzke, Johannes Leopold und Sina Carola Peers<br>9b: Philipp Behrenbeck, Nadine G\u00f6pel, Fabien Lecour, Andreas Modi und Annkathrin Schemmer<br>9c: Martin Clausen, Gina Daszinnies, Sascha Gruner, Ole Klein, Miriam Riedel und Martin R\u00f6der<br>9d: Stefan Gey, Bettina St\u00f6cken, Jule Thoms und Marco Valente<\/p>\n","protected":false},"excerpt":{"rendered":"<p>Die Abiturientinnen und Abiturienten 2005 Claudia Asbahr, J\u00f6rn Bielfeldt, Katrin Bremer, Heiko von Ditfurth, Finn Thore Domscheit, Benjamin D\u00fcwal, Kathrin Ehrich, Lennart Finkeldey, Taisija Gracev, Wiebke Hamann, Sara Carina Hansmann, Robert Hennig, Krischan Herda, Thomas Homburg, Maike Kahl, Simon Kase, Nils Robert Koch, Merle Kohn, Britta K\u00f6pke, Kristina K\u00f6r\u00f6ssy, Alexander Kr\u00e4mer, Kathrin Marschall, Marc-Andr\u00e9 Medler, [&hellip;]<\/p>\n","protected":false},"author":1,"featured_media":1618,"comment_status":"closed","ping_status":"closed","sticky":false,"template":"","format":"standard","meta":[],"categories":[13,14],"tags":[],"_links":{"self":[{"href":"http:\/\/test.pus-eck.de\/index.php?rest_route=\/wp\/v2\/posts\/1617"}],"collection":[{"href":"http:\/\/test.pus-eck.de\/index.php?rest_route=\/wp\/v2\/posts"}],"about":[{"href":"http:\/\/test.pus-eck.de\/index.php?rest_route=\/wp\/v2\/types\/post"}],"author":[{"embeddable":true,"href":"http:\/\/test.pus-eck.de\/index.php?rest_route=\/wp\/v2\/users\/1"}],"replies":[{"embeddable":true,"href":"http:\/\/test.pus-eck.de\/index.php?rest_route=%2Fwp%2Fv2%2Fcomments&post=1617"}],"version-history":[{"count":3,"href":"http:\/\/test.pus-eck.de\/index.php?rest_route=\/wp\/v2\/posts\/1617\/revisions"}],"predecessor-version":[{"id":1671,"href":"http:\/\/test.pus-eck.de\/index.php?rest_route=\/wp\/v2\/posts\/1617\/revisions\/1671"}],"wp:featuredmedia":[{"embeddable":true,"href":"http:\/\/test.pus-eck.de\/index.php?rest_route=\/wp\/v2\/media\/1618"}],"wp:attachment":[{"href":"http:\/\/test.pus-eck.de\/index.php?rest_route=%2Fwp%2Fv2%2Fmedia&parent=1617"}],"wp:term":[{"taxonomy":"category","embeddable":true,"href":"http:\/\/test.pus-eck.de\/index.php?rest_route=%2Fwp%2Fv2%2Fcategories&post=1617"},{"taxonomy":"post_tag","embeddable":true,"href":"http:\/\/test.pus-eck.de\/index.php?rest_route=%2Fwp%2Fv2%2Ftags&post=1617"}],"curies":[{"name":"wp","href":"https:\/\/api.w.org\/{rel}","templated":true}]}}