{"id":1526,"date":"2022-09-13T17:26:00","date_gmt":"2022-09-13T15:26:00","guid":{"rendered":"http:\/\/test.pus-eck.de\/?p=1526"},"modified":"2022-09-15T17:41:51","modified_gmt":"2022-09-15T15:41:51","slug":"der-wassersport-nimmt-wieder-fahrt-auf","status":"publish","type":"post","link":"http:\/\/test.pus-eck.de\/?p=1526","title":{"rendered":"Der Wassersport nimmt wieder Fahrt auf"},"content":{"rendered":"\n<p><\/p>\n\n\n\n<p>Der Wassersport nimmt wieder Fahrt auf<\/p>\n\n\n\n<div class=\"is-layout-flex wp-container-4 wp-block-columns\">\n<div class=\"is-layout-flow wp-block-column\">\n<figure class=\"wp-block-image size-large is-resized\"><img decoding=\"async\" loading=\"lazy\" src=\"http:\/\/test.pus-eck.de\/wp-content\/uploads\/2022\/09\/IMG_1279-1024x768.jpg\" alt=\"\" class=\"wp-image-1535\" width=\"257\" height=\"193\" srcset=\"http:\/\/test.pus-eck.de\/wp-content\/uploads\/2022\/09\/IMG_1279-1024x768.jpg 1024w, http:\/\/test.pus-eck.de\/wp-content\/uploads\/2022\/09\/IMG_1279-300x225.jpg 300w, http:\/\/test.pus-eck.de\/wp-content\/uploads\/2022\/09\/IMG_1279-768x576.jpg 768w, http:\/\/test.pus-eck.de\/wp-content\/uploads\/2022\/09\/IMG_1279-1536x1152.jpg 1536w, http:\/\/test.pus-eck.de\/wp-content\/uploads\/2022\/09\/IMG_1279-2048x1536.jpg 2048w\" sizes=\"(max-width: 257px) 100vw, 257px\" \/><\/figure>\n<\/div>\n\n\n\n<div class=\"is-layout-flow wp-block-column\">\n<figure class=\"wp-block-image size-large is-resized\"><img decoding=\"async\" loading=\"lazy\" src=\"http:\/\/test.pus-eck.de\/wp-content\/uploads\/2022\/09\/IMG_1286-2-768x1024.jpg\" alt=\"\" class=\"wp-image-1534\" width=\"257\" height=\"343\" srcset=\"http:\/\/test.pus-eck.de\/wp-content\/uploads\/2022\/09\/IMG_1286-2-768x1024.jpg 768w, http:\/\/test.pus-eck.de\/wp-content\/uploads\/2022\/09\/IMG_1286-2-225x300.jpg 225w, http:\/\/test.pus-eck.de\/wp-content\/uploads\/2022\/09\/IMG_1286-2-1152x1536.jpg 1152w, http:\/\/test.pus-eck.de\/wp-content\/uploads\/2022\/09\/IMG_1286-2-1536x2048.jpg 1536w, http:\/\/test.pus-eck.de\/wp-content\/uploads\/2022\/09\/IMG_1286-2-scaled.jpg 1920w\" sizes=\"(max-width: 257px) 100vw, 257px\" \/><\/figure>\n<\/div>\n\n\n\n<div class=\"is-layout-flow wp-block-column\">\n<figure class=\"wp-block-image size-large is-resized\"><img decoding=\"async\" loading=\"lazy\" src=\"http:\/\/test.pus-eck.de\/wp-content\/uploads\/2022\/09\/20220818_182742-6-1024x603.jpg\" alt=\"\" class=\"wp-image-1533\" width=\"475\" height=\"280\" srcset=\"http:\/\/test.pus-eck.de\/wp-content\/uploads\/2022\/09\/20220818_182742-6-1024x603.jpg 1024w, http:\/\/test.pus-eck.de\/wp-content\/uploads\/2022\/09\/20220818_182742-6-300x177.jpg 300w, http:\/\/test.pus-eck.de\/wp-content\/uploads\/2022\/09\/20220818_182742-6-768x452.jpg 768w, http:\/\/test.pus-eck.de\/wp-content\/uploads\/2022\/09\/20220818_182742-6-1536x904.jpg 1536w, http:\/\/test.pus-eck.de\/wp-content\/uploads\/2022\/09\/20220818_182742-6-2048x1205.jpg 2048w\" sizes=\"(max-width: 475px) 100vw, 475px\" \/><\/figure>\n<\/div>\n<\/div>\n\n\n\n<p>In den vergangenen zwei Jahren hatte es der Wassersport an der Peter-Ustinov-Schule schwer: die Segel-AG und die Ruder-AG konnten nur sporadisch stattfinden und die C fielen 2020 und 2021 aus.<br>In diesem Schuljahr sieht es nun gl\u00fccklicherweise wieder besser aus: die Segel-AG ist ebenso wieder gestartet wie die Ruder-AG und das Wetter spielte bisher wunderbar mit. F\u00fcrs Rudern suchen wir aber im kommenden Fr\u00fchjahr dringend Nachwuchs, die Beteiligung ist noch recht sparsam!<\/p>\n\n\n\n<p>Am SchulCup der diesj\u00e4hrigen Drachenboottage in Kiel nahmen im September die beiden Sportprofile aus der Oberstufe teil. Nach drei Trainingsabenden auf dem Wittensee kamen die Boote gut in Schwung. F\u00fcr 2023 gilt es nun, am gemeinsamen mannschaftlichen Takt zu arbeiten, um im Feld der Schulmannschaften noch weiter vorne zu landen.<br>Die Lehrkr\u00e4fte starteten am Folgetag beim FunCup und der Ehrgeiz der fr\u00fcheren Jahre war schnell geweckt. So konnte sich das Boot von Lauf zu Lauf verbessern und die Stimmung stieg entsprechend.<\/p>\n\n\n\n<p>Vielen Dank an dieser Stelle f\u00fcr die Unterst\u00fctzung aller Unternehmungen an den Eckernf\u00f6rder Segelclub, den Eckernf\u00f6rder Ruderclub und die Wittenseer Drachenboot-Crew vom Freiherr-von-Stein-Yacht-Club.<\/p>\n","protected":false},"excerpt":{"rendered":"<p>Der Wassersport nimmt wieder Fahrt auf In den vergangenen zwei Jahren hatte es der Wassersport an der Peter-Ustinov-Schule schwer: die Segel-AG und die Ruder-AG konnten nur sporadisch stattfinden und die C fielen 2020 und 2021 aus.In diesem Schuljahr sieht es nun gl\u00fccklicherweise wieder besser aus: die Segel-AG ist ebenso wieder gestartet wie die Ruder-AG und [&hellip;]<\/p>\n","protected":false},"author":1,"featured_media":1535,"comment_status":"closed","ping_status":"closed","sticky":true,"template":"","format":"standard","meta":[],"categories":[15,19],"tags":[],"_links":{"self":[{"href":"http:\/\/test.pus-eck.de\/index.php?rest_route=\/wp\/v2\/posts\/1526"}],"collection":[{"href":"http:\/\/test.pus-eck.de\/index.php?rest_route=\/wp\/v2\/posts"}],"about":[{"href":"http:\/\/test.pus-eck.de\/index.php?rest_route=\/wp\/v2\/types\/post"}],"author":[{"embeddable":true,"href":"http:\/\/test.pus-eck.de\/index.php?rest_route=\/wp\/v2\/users\/1"}],"replies":[{"embeddable":true,"href":"http:\/\/test.pus-eck.de\/index.php?rest_route=%2Fwp%2Fv2%2Fcomments&post=1526"}],"version-history":[{"count":4,"href":"http:\/\/test.pus-eck.de\/index.php?rest_route=\/wp\/v2\/posts\/1526\/revisions"}],"predecessor-version":[{"id":1541,"href":"http:\/\/test.pus-eck.de\/index.php?rest_route=\/wp\/v2\/posts\/1526\/revisions\/1541"}],"wp:featuredmedia":[{"embeddable":true,"href":"http:\/\/test.pus-eck.de\/index.php?rest_route=\/wp\/v2\/media\/1535"}],"wp:attachment":[{"href":"http:\/\/test.pus-eck.de\/index.php?rest_route=%2Fwp%2Fv2%2Fmedia&parent=1526"}],"wp:term":[{"taxonomy":"category","embeddable":true,"href":"http:\/\/test.pus-eck.de\/index.php?rest_route=%2Fwp%2Fv2%2Fcategories&post=1526"},{"taxonomy":"post_tag","embeddable":true,"href":"http:\/\/test.pus-eck.de\/index.php?rest_route=%2Fwp%2Fv2%2Ftags&post=1526"}],"curies":[{"name":"wp","href":"https:\/\/api.w.org\/{rel}","templated":true}]}}