{"id":1431,"date":"2022-06-10T20:54:00","date_gmt":"2022-06-10T18:54:00","guid":{"rendered":"http:\/\/test.pus-eck.de\/?p=1431"},"modified":"2022-06-12T20:58:27","modified_gmt":"2022-06-12T18:58:27","slug":"elternbrief","status":"publish","type":"post","link":"http:\/\/test.pus-eck.de\/?p=1431","title":{"rendered":"Elternbrief"},"content":{"rendered":"\n<h3><strong>Sehr geehrte Damen und Herren, liebe Eltern,<\/strong><\/h3>\n\n\n\n<p>da unsere Schulleiterin noch krank und unsere stellvertretende Schulleiterin versetzt ist schreibe ich Ihnen in Vertretung.<\/p>\n\n\n\n<p>Vor uns stehen in der n\u00e4chsten Woche die m\u00fcndlichen Abschlusspr\u00fcfungen zum Abitur und zu den ESA- und MSA-Pr\u00fcfungen an. Es sind in diesem Jahr 96 Pr\u00fcfungen, \u00fcber drei Tage verteilt. Regelkonform und mit unserer Schulaufsicht abgestimmt werden wir Montag und Dienstag die Abiturpr\u00fcfungen absolvieren und am Mittwoch dann die restlichen Abiturpr\u00fcfungen und die ESA- und MSA-Pr\u00fcfungen. Am Montag und Dienstag haben alle Sch\u00fclerinnen und Sch\u00fcler schulfrei, die nicht an den Pr\u00fcfungen oder den anderen Verpflichtungen teilnehmen, weil wir alle Lehrkr\u00e4fte f\u00fcr die Pr\u00fcfungen, die Organisationen um die Pr\u00fcfungen herum, Nachschreibklausuren und Englische Sprechpr\u00fcfungen ben\u00f6tigen.<\/p>\n\n\n\n<p>Am Mittwoch gibt es f\u00fcr die pr\u00fcffreien Jahrg\u00e4nge 5-8 und 11 + 12 ebenfalls keinen Pr\u00e4senzunterricht, aber sehr wohl Distanzunterricht. Die Klassenteams dieser Jahrg\u00e4nge werden, gem\u00e4\u00df Absprache mit dem Ministerium, mit Ihren Kindern elektronische Unterrichtsformen und Aufgaben, Videokonferenzen usw. \u00fcben, damit diese w\u00e4hrend der Corona-Pandemie einge\u00fcbten Unterrichts-formen f\u00fcr zuk\u00fcnftige Nutzungen nicht in Vergessenheit geraten. Bitte stellen Sie Ihren Kindern soweit als m\u00f6glich PC-Endger\u00e4te zur Verf\u00fcgung.<\/p>\n\n\n\n<p>Falls Eltern von Sch\u00fclerinnen und Sch\u00fclern aus den 5. und 6. Klassen Ihre Kinder nicht zuhause beaufsichtigen k\u00f6nnen, steht Ihnen wie zu Pandemiezeiten, eine Aufsicht in der Schule zur Verf\u00fcgung. Bitte melden Sie ihre Kinder bis Montag 12 Uhr \u00fcber Iserv dazu an. Die Aufsicht gilt leider nur f\u00fcr Mittwoch, weil wir f\u00fcr die anderen beiden Tage kein freies Personal zur Verf\u00fcgung haben.<\/p>\n\n\n\n<p>Von denjenigen Sch\u00fclerinnen und Sch\u00fclern, die mit erfolgreichem Abschluss abgehen oder die Schule wechseln wollen, ben\u00f6tigen wir baldm\u00f6glich eine schriftliche Abmeldung, um die n\u00f6tigen Abschlusszeugnisse produzieren zu k\u00f6nnen. F\u00fcr diese Jugendlichen ist der 15.06. der letzte offizielle Schultag, sie kommen aber noch einmal am 23.06. in die Schule, um im Rahmen einer feierlichen Verabschiedung ihre Zeugnisse entgegen zu nehmen. Auch die Abiturienten\/-innen werden dann Ihre Abschl\u00fcsse erhalten. Die Einladungen erhalten Sie demn\u00e4chst.<\/p>\n\n\n\n<p>F\u00fcr alle anderen Sch\u00fclerinnen und Sch\u00fcler endet das laufende Schuljahr am Freitag, dem 01. Juli mit der Zeugnisausgabe um 10.00 Uhr und sicherlich viel Freude auf die dann beginnenden Sommerferien. Die Schule beginnt nach hoffentlich sechs erholsamen Wochen wieder am Montag, dem 15. August. An diesem Vorbereitungstag l\u00e4uft der Unterricht bis 12.30Uhr plus Mittagessen.<\/p>\n\n\n\n<p>Ich w\u00fcnsche Ihnen und Ihren Kindern auch im Namen des Schulleitungsteams und der Lehrkr\u00e4fte alles Gute und Gesundheit und danke Ihnen f\u00fcr die gute Zusammenarbeit zum Wohle Ihrer Kinder, vor allem den besonders engagierten Elternvertretungen in den Klassen und im Schulelternbeirat.<\/p>\n\n\n\n<p>Ihr Michael Baum<\/p>\n\n\n\n<p>Koordinator 8 \u2013 10 und derzeit kommissarischer Schulleiter<\/p>\n","protected":false},"excerpt":{"rendered":"<p>Sehr geehrte Damen und Herren, liebe Eltern, da unsere Schulleiterin noch krank und unsere stellvertretende Schulleiterin versetzt ist schreibe ich Ihnen in Vertretung. Vor uns stehen in der n\u00e4chsten Woche die m\u00fcndlichen Abschlusspr\u00fcfungen zum Abitur und zu den ESA- und MSA-Pr\u00fcfungen an. Es sind in diesem Jahr 96 Pr\u00fcfungen, \u00fcber drei Tage verteilt. Regelkonform und [&hellip;]<\/p>\n","protected":false},"author":1,"featured_media":1433,"comment_status":"closed","ping_status":"closed","sticky":false,"template":"","format":"standard","meta":[],"categories":[32],"tags":[],"_links":{"self":[{"href":"http:\/\/test.pus-eck.de\/index.php?rest_route=\/wp\/v2\/posts\/1431"}],"collection":[{"href":"http:\/\/test.pus-eck.de\/index.php?rest_route=\/wp\/v2\/posts"}],"about":[{"href":"http:\/\/test.pus-eck.de\/index.php?rest_route=\/wp\/v2\/types\/post"}],"author":[{"embeddable":true,"href":"http:\/\/test.pus-eck.de\/index.php?rest_route=\/wp\/v2\/users\/1"}],"replies":[{"embeddable":true,"href":"http:\/\/test.pus-eck.de\/index.php?rest_route=%2Fwp%2Fv2%2Fcomments&post=1431"}],"version-history":[{"count":1,"href":"http:\/\/test.pus-eck.de\/index.php?rest_route=\/wp\/v2\/posts\/1431\/revisions"}],"predecessor-version":[{"id":1432,"href":"http:\/\/test.pus-eck.de\/index.php?rest_route=\/wp\/v2\/posts\/1431\/revisions\/1432"}],"wp:featuredmedia":[{"embeddable":true,"href":"http:\/\/test.pus-eck.de\/index.php?rest_route=\/wp\/v2\/media\/1433"}],"wp:attachment":[{"href":"http:\/\/test.pus-eck.de\/index.php?rest_route=%2Fwp%2Fv2%2Fmedia&parent=1431"}],"wp:term":[{"taxonomy":"category","embeddable":true,"href":"http:\/\/test.pus-eck.de\/index.php?rest_route=%2Fwp%2Fv2%2Fcategories&post=1431"},{"taxonomy":"post_tag","embeddable":true,"href":"http:\/\/test.pus-eck.de\/index.php?rest_route=%2Fwp%2Fv2%2Ftags&post=1431"}],"curies":[{"name":"wp","href":"https:\/\/api.w.org\/{rel}","templated":true}]}}